{"id":68024,"date":"2023-04-23T17:51:00","date_gmt":"2023-04-23T15:51:00","guid":{"rendered":"https:\/\/skyddaskogen.se\/das-waldfest-2025-eine-manifestation-fur-den-wald\/"},"modified":"2025-11-12T23:57:36","modified_gmt":"2025-11-12T22:57:36","slug":"das-waldfest-2025-eine-manifestation-fur-den-wald","status":"publish","type":"post","link":"https:\/\/skyddaskogen.se\/de\/das-waldfest-2025-eine-manifestation-fur-den-wald\/","title":{"rendered":"Das Waldfest 2025 &#8211; Eine Manifestation f\u00fcr den Wald!"},"content":{"rendered":"\n<figure class=\"wp-block-gallery has-nested-images columns-default is-cropped wp-block-gallery-1 is-layout-flex wp-block-gallery-is-layout-flex\"><\/figure>\n\n<p class=\"has-text-link-color has-text-color\"><\/p>\n\n<h2 class=\"wp-block-heading has-text-link-color has-text-color has-link-color wp-elements-35de5c9b60c765ef667cc24a789c3e9d\">AUSVERKAUFT<\/h2>\n\n<p><strong>Das Waldfest findet vom 18. bis 20. Juli statt<\/strong><br\/><br\/>Das Waldfest ist ein inspirierender Treffpunkt f\u00fcr Waldfreunde, Waldgartenfreunde und Umweltengagierte. Das Festival ist der gr\u00f6\u00dfte Treffpunkt f\u00fcr Waldliebhaber in Skandinavien. Eine Manifestation f\u00fcr den Schutz und die Wiederherstellung des Waldes und f\u00fcr eine Reform der Forstwirtschaft hin zu einer naturnahen Mehrnutzung. Die Veranstaltung wurde seit 2003 mehrmals ausgetragen.   <\/p>\n\n<p>Das Festival bietet Konzerte, Vortr\u00e4ge, Workshops, F\u00fchrungen, Kinoblitz, Vortr\u00e4ge, einen Minimarkt mit Ausstellern und Aktivit\u00e4ten f\u00fcr Kinder. <br\/><br\/><strong>Zu den Teilnehmern geh\u00f6ren: <\/strong>Mullin Mallin Band, Izhav, Anders Norudde, Mockla, Kieli, Kamilla Sol, Gylleboverket, G\u00f6ran Englund, Andris F\u00e5gelviskare, Annevi Sj\u00f6berg, Stephen Barstow, Martin Jentzen, Sara Antell, Jon Andersson, Karolina Carlsson, Sofia Olsson, Erik Westholm, Hanna J\u00f6nsson, Elin G\u00f6tmark und Toni Berglund.<\/p>\n\n<p><strong>Die diesj\u00e4hrigen Themen:<\/strong> Wald und Klima, Artenvielfalt, Waldg\u00e4rten, Umweltherausforderungen der Menschheit, naturnahe Forstwirtschaft und Wald\u00f6kologie, etc.<\/p>\n\n<p><strong>Datum:<\/strong> Freitag-Sonntag <strong>18. &#8211; 20. Juli 2025<\/strong><\/p>\n\n<p><strong>Ort:<\/strong> Findet im Waldgarten \u00c5fallet statt, 9 km von Hjortkvarn im S\u00fcden von N\u00e4rke entfernt (Adresse siehe unten!)<\/p>\n\n<p><strong>Billette:<\/strong><br\/><br\/>NB! Keine Tickets am Eingang, nur im Vorverkauf! <\/p>\n\n<p><strong>Ticketpreis f\u00fcr das gesamte Festival:<\/strong> 400 SEK<\/p>\n\n<p><strong>Tageskarte:<\/strong> 200 SEK  <br\/><br\/>Zahlen Sie den Betrag ein und schreiben Sie BSF (Ticket Forest Festival) sowie den vollst\u00e4ndigen Namen, damit wir sehen k\u00f6nnen, dass es sich um einen Ticketkauf handelt und wer gekauft hat! Beim Kauf mehrerer Tickets geben Sie die Anzahl ein. <strong>Kinder unter 15 Jahren haben in<\/strong> Begleitung von Erwachsenen freien Eintritt. <br\/><br\/><strong>Plusgiro<\/strong> Sch\u00fctzen Sie den Wald: 504609-9<br\/><br\/><strong>Schicke Nummer:<\/strong> 123 112 68 38<br\/><br\/><img decoding=\"async\" width=\"150\" height=\"212\" class=\"wp-image-65776\" style=\"width: 150px;\" src=\"https:\/\/skyddaskogen.se\/wp-content\/uploads\/2023\/04\/skogsfestivalen-swish-qr-large.png\" alt=\"\" srcset=\"https:\/\/skyddaskogen.se\/wp-content\/uploads\/2023\/04\/skogsfestivalen-swish-qr-large.png 2480w, https:\/\/skyddaskogen.se\/wp-content\/uploads\/2023\/04\/skogsfestivalen-swish-qr-large-212x300.png 212w, https:\/\/skyddaskogen.se\/wp-content\/uploads\/2023\/04\/skogsfestivalen-swish-qr-large-724x1024.png 724w, https:\/\/skyddaskogen.se\/wp-content\/uploads\/2023\/04\/skogsfestivalen-swish-qr-large-768x1086.png 768w, https:\/\/skyddaskogen.se\/wp-content\/uploads\/2023\/04\/skogsfestivalen-swish-qr-large-1086x1536.png 1086w, https:\/\/skyddaskogen.se\/wp-content\/uploads\/2023\/04\/skogsfestivalen-swish-qr-large-1448x2048.png 1448w, https:\/\/skyddaskogen.se\/wp-content\/uploads\/2023\/04\/skogsfestivalen-swish-qr-large-370x523.png 370w, https:\/\/skyddaskogen.se\/wp-content\/uploads\/2023\/04\/skogsfestivalen-swish-qr-large-840x1188.png 840w, https:\/\/skyddaskogen.se\/wp-content\/uploads\/2023\/04\/skogsfestivalen-swish-qr-large-410x580.png 410w\" sizes=\"(max-width: 150px) 100vw, 150px\" \/><\/p>\n\n<p><strong>Tickets \/ internationale Zahlungen<\/strong><br\/><br\/>Ticketpreis f\u00fcr das gesamte Festival: 400 SEK<br\/><br\/>Tageskarte: 200 SEK<\/p>\n\n<p>IBAN: SE24 9500 0099 6018 0504 6099<br\/>BIC: NEASESS<\/p>\n\n<p><strong>Programm<\/strong>:<br\/><a href=\"https:\/\/skyddaskogen.se\/wp-content\/uploads\/2025\/06\/program2025.pdf\">Vorl\u00e4ufiges Programm als PDF<\/a><\/p>\n\n<figure class=\"wp-block-image size-large\"><img fetchpriority=\"high\" decoding=\"async\" width=\"1024\" height=\"683\" src=\"https:\/\/skyddaskogen.se\/wp-content\/uploads\/2023\/04\/img-5953-1024x683.jpg\" alt=\"\" class=\"wp-image-32702\" srcset=\"https:\/\/skyddaskogen.se\/wp-content\/uploads\/2023\/04\/img-5953-1024x683.jpg 1024w, https:\/\/skyddaskogen.se\/wp-content\/uploads\/2023\/04\/img-5953-300x200.jpg 300w, https:\/\/skyddaskogen.se\/wp-content\/uploads\/2023\/04\/img-5953-768x512.jpg 768w, https:\/\/skyddaskogen.se\/wp-content\/uploads\/2023\/04\/img-5953-1536x1024.jpg 1536w, https:\/\/skyddaskogen.se\/wp-content\/uploads\/2023\/04\/img-5953-2048x1365.jpg 2048w, https:\/\/skyddaskogen.se\/wp-content\/uploads\/2023\/04\/img-5953-1140x760.jpg 1140w, https:\/\/skyddaskogen.se\/wp-content\/uploads\/2023\/04\/img-5953-570x380.jpg 570w, https:\/\/skyddaskogen.se\/wp-content\/uploads\/2023\/04\/img-5953-380x254.jpg 380w, https:\/\/skyddaskogen.se\/wp-content\/uploads\/2023\/04\/img-5953-285x190.jpg 285w\" sizes=\"(max-width: 1024px) 100vw, 1024px\" \/><figcaption class=\"wp-element-caption\">Waldfest in \u00c5fallet. Foto: Viktor S\u00e4fve <\/figcaption><\/figure>\n\n<p><strong>\u00dcber das Festivalgel\u00e4nde \u00c5fallet Skogstr\u00e4dg\u00e5rd:  <\/strong><\/p>\n\n<p>\u00c5fallet Skogstr\u00e4dg\u00e5rd ist ein kleines netzunabh\u00e4ngiges Ferienhaus mitten im Wald in der N\u00e4he von Hj\u00e4rtasj\u00f6n im S\u00fcden von N\u00e4rke, 9 km vom Dorf Hjortkvarn entfernt. Im Mittelpunkt von \u00c5fallet stehen Klimaanpassung, Biodiversit\u00e4t und P\u00e4dagogik. \u00c5fallet Skogstr\u00e4dg\u00e5rd wird von Elin und Viktor S\u00e4fve und ihrer Familie gef\u00fchrt. In \u00c5fallet besch\u00e4ftigen sie sich mit der Selbstversorgung und testen in kleinem Ma\u00dfstab verschiedene Etablierungstechniken und Hypothesen \u00fcber die Anlage von Waldg\u00e4rten. Ein Waldgarten ist ein \u00d6kosystem zur Nahrungsmittelproduktion, das von mehrj\u00e4hrigen Pflanzen mit essbaren Pflanzenteilen dominiert wird. Ein Schichtsystem mit allem, von hohen und niedrigen Obst- und Nussb\u00e4umen \u00fcber Beerenstr\u00e4ucher, mehrj\u00e4hrige Kr\u00e4uter, Bodendecker, Wurzelgem\u00fcse bis hin zu Kletterpflanzen. Ziel sind Mehrzweckg\u00e4rten, die sowohl Nahrungsmittel produzieren, Kohlenstoff binden, die Widerstandsf\u00e4higkeit erh\u00f6hen als auch der Artenvielfalt zugute kommen.      <\/p>\n\n<p>NB! Es gibt einen sch\u00f6nen See, der vom Festivalgel\u00e4nde aus zu Fu\u00df (500 m) erreichbar ist. Bringen Sie Badebekleidung mit!  <\/p>\n\n<figure class=\"wp-block-image size-large\"><img decoding=\"async\" width=\"1024\" height=\"640\" src=\"https:\/\/skyddaskogen.se\/wp-content\/uploads\/2023\/04\/festivalen2024a-1024x640.jpg\" alt=\"\" class=\"wp-image-65779\" srcset=\"https:\/\/skyddaskogen.se\/wp-content\/uploads\/2023\/04\/festivalen2024a-1024x640.jpg 1024w, https:\/\/skyddaskogen.se\/wp-content\/uploads\/2023\/04\/festivalen2024a-300x188.jpg 300w, https:\/\/skyddaskogen.se\/wp-content\/uploads\/2023\/04\/festivalen2024a-768x480.jpg 768w, https:\/\/skyddaskogen.se\/wp-content\/uploads\/2023\/04\/festivalen2024a-1536x960.jpg 1536w, https:\/\/skyddaskogen.se\/wp-content\/uploads\/2023\/04\/festivalen2024a-2048x1280.jpg 2048w, https:\/\/skyddaskogen.se\/wp-content\/uploads\/2023\/04\/festivalen2024a-370x231.jpg 370w, https:\/\/skyddaskogen.se\/wp-content\/uploads\/2023\/04\/festivalen2024a-840x525.jpg 840w, https:\/\/skyddaskogen.se\/wp-content\/uploads\/2023\/04\/festivalen2024a-410x256.jpg 410w\" sizes=\"(max-width: 1024px) 100vw, 1024px\" \/><figcaption class=\"wp-element-caption\">Der Eingang und Teile des Campingplatzes. Foto: Fredrik Pusa 2023. <\/figcaption><\/figure>\n\n<p><strong>Unterkunft:<\/strong> Es gibt einfache Zeltpl\u00e4tze und ein Plumpsklo vor Ort. Der Zeltplatz ist im Ticketpreis inbegriffen. <\/p>\n\n<p>Wenn Sie einen komfortableren Aufenthalt w\u00fcnschen, suchen Sie nach Unterk\u00fcnften in B&amp;Bs in der Umgebung.<br\/><br\/><strong>Parken:<\/strong><br\/><br\/>Auf dem Festivalgel\u00e4nde gibt es keine Pl\u00e4tze f\u00fcr Wohnwagen oder Wohnmobile. Nur Zelten! <\/p>\n\n<p>Wir m\u00fcssen die Zug\u00e4nglichkeit f\u00fcr Rettungskr\u00e4fte und f\u00fcr Besucher, die kommen und gehen, gew\u00e4hrleisten.<\/p>\n\n<p>Wenn du trotzdem einen Wohnwagen oder ein Wohnmobil mitbringen m\u00f6chtest, suchst du dir am besten zum Beispiel einen Wendepunkt an einer Forststra\u00dfe wenige Kilometer vom Festivalgel\u00e4nde entfernt.<\/p>\n\n<p>Hier sind wir auf<a href=\"https:\/\/maps.app.goo.gl\/cBqeyqv677jn9YA38\"> Google Maps<\/a>! Pr\u00fcfen Sie, ob es Waldwege mit Wendepunkten oder \u00e4hnlichem gibt, auf denen Sie mit einem Wohnwagen oder Wohnmobil parken k\u00f6nnen.<\/p>\n\n<p><strong>Essen:  <\/strong><\/p>\n\n<p>Das Essen ist vegan und so weit wie m\u00f6glich lokal und biologisch produziert und wird vor Ort gekocht.<\/p>\n\n<p><strong>Vorl\u00e4ufiges Men\u00fc:<\/strong><\/p>\n\n<p>Freitag<\/p>\n\n<p>Mittagessen: Falafel<br\/>Abendessen: Veggie-Burger mit Kartoffelsalat.<\/p>\n\n<p>Samstag<\/p>\n\n<p>Fr\u00fchst\u00fcck: hei\u00dfes Porridge und Overnight Oats<\/p>\n\n<p>Mittagessen: Nudelsalat<br\/>Abendessen: Daal mit Haferreis<\/p>\n\n<p>Sonntag<\/p>\n\n<p>Fr\u00fchst\u00fcck: hei\u00dfes Porridge und Overnight Oats<\/p>\n\n<p>Mittagessen: Suppe mit Brot<\/p>\n\n<p>Grundsteuer:<\/p>\n\n<p>50 SEK f\u00fcr das Fr\u00fchst\u00fcck inklusive Kaffee\/Tee<br\/>25 SEK f\u00fcr Kinder<\/p>\n\n<p>100 SEK Gericht inklusive Getr\u00e4nke<br\/>50 SEK f\u00fcr Kinder<\/p>\n\n<p>NB! Es handelt sich um veganes und nussfreies Essen, das w\u00e4hrend des Waldfestes serviert wird. Es wird glutenfreie Optionen geben. Wir verwenden Hafercreme jedoch in mehreren Gerichten. Wir haben eine kleine K\u00fcche mit eingeschr\u00e4nkten M\u00f6glichkeiten, um auf andere Allergien einzugehen. Wenn du eine spezielle Allergie hast, die durch vegane Lebensmittel und glutenfreie Alternativen nicht abgedeckt wird, ist es besser, wenn du dein eigenes Essen w\u00e4hrend des Waldfestes mitbringst.     <\/p>\n\n<p><strong>Adresse des Festivalgel\u00e4ndes: <\/strong>Haddebo 757, 697 93 Hjortkvarn<br\/><br\/><strong>Anfahrt: <\/strong>Die Besucher organisieren ihre An- und Abreise zum Festival selbst, und leider k\u00f6nnen wir die Besucher nicht abholen oder absetzen. In der Regel ist es jedoch einfach, mit anderen Besuchern den ganzen Weg oder einen Teil des Weges zu verreisen.   <strong>F\u00fchlen Sie sich frei, Fahrgemeinschaften zu organisieren.<\/strong>  Ein Tipp ist, einen Thread auf Facebook zu posten, in dem Sie Fahrgemeinschaften bilden m\u00f6chten, wenn Sie Platz in einem Auto ben\u00f6tigen.  <br\/><br\/><strong>Anfahrt f\u00fcr Autos (Sie k\u00f6nnen gerne Fahrgemeinschaften bilden!): <\/strong>Finden Sie uns auf<a href=\"https:\/\/maps.app.goo.gl\/cBqeyqv677jn9YA38\"> Google Maps<\/a>!<\/p>\n\n<p><strong>\u00d6ffentlicher Verkehr: <\/strong>L\u00e4nstrafiken hat einen Service namens <a href=\"https:\/\/www.lanstrafiken.se\/reseplanering\/resa-med-var-trafik\/nartrafik\/\">Nahverkehr<\/a>, der einen Besuch wert ist! Wenn du Gl\u00fcck hast, k\u00f6nnen sie die Besucher zum und vom Festivalgel\u00e4nde fahren, wenn die oben genannte Adresse angegeben wird. Der Service muss im Voraus gebucht werden und die M\u00f6glichkeit muss bei L\u00e4nstrafiken in \u00d6rebro \u00fcberpr\u00fcft werden. Ansonsten ist eine Anreise mit \u00f6ffentlichen Verkehrsmitteln zum Waldfest nicht m\u00f6glich.   <\/p>\n\n<p><strong>Hunde: <\/strong>Manchmal bekommen wir Fragen dazu, ob es in Ordnung ist, einen Hund zum Festival mitzubringen. Wir m\u00f6chten nicht, dass Sie Ihren Hund mitbringen. Auf der einen Seite gibt es Besucher, die Angst vor Hunden haben, und auf der anderen Seite gibt es Allergiker. Ausnahmen gelten f\u00fcr Blindenhunde.   <\/p>\n\n<p><\/p>\n\n<p><strong>Ansprechpartner und verantwortliche Veranstalter:<\/strong> Elin und Viktor S\u00e4fve: viktor.safve@skyddaskogen.se<\/p>\n\n<p><strong>Organisatoren:<\/strong> Der Verein Protect the Forest in Zusammenarbeit mit dem \u00c5fallet Forest Garden mit Unterst\u00fctzung von Hopajola.<\/p>\n\n<figure class=\"wp-block-image aligncenter size-large is-resized\"><img loading=\"lazy\" decoding=\"async\" width=\"1024\" height=\"164\" src=\"https:\/\/skyddaskogen.se\/wp-content\/uploads\/2020\/05\/skyddaskogen.se_skyddaskogen-logo-001-8-2000px-1024x164.png\" alt=\"\" class=\"wp-image-15228\" style=\"width:550px;height:87px\" srcset=\"https:\/\/skyddaskogen.se\/wp-content\/uploads\/2020\/05\/skyddaskogen.se_skyddaskogen-logo-001-8-2000px-1024x164.png 1024w, https:\/\/skyddaskogen.se\/wp-content\/uploads\/2020\/05\/skyddaskogen.se_skyddaskogen-logo-001-8-2000px-300x48.png 300w, https:\/\/skyddaskogen.se\/wp-content\/uploads\/2020\/05\/skyddaskogen.se_skyddaskogen-logo-001-8-2000px-768x123.png 768w, https:\/\/skyddaskogen.se\/wp-content\/uploads\/2020\/05\/skyddaskogen.se_skyddaskogen-logo-001-8-2000px-1536x246.png 1536w, https:\/\/skyddaskogen.se\/wp-content\/uploads\/2020\/05\/skyddaskogen.se_skyddaskogen-logo-001-8-2000px.png 2000w\" sizes=\"(max-width: 1024px) 100vw, 1024px\" \/><\/figure>\n\n<figure class=\"wp-block-image size-full is-resized\"><img loading=\"lazy\" decoding=\"async\" width=\"697\" height=\"358\" src=\"https:\/\/skyddaskogen.se\/wp-content\/uploads\/2023\/04\/a4hopajola-1000-1000-2.bmp\" alt=\"\" class=\"wp-image-66268\" style=\"width:507px;height:auto\" srcset=\"https:\/\/skyddaskogen.se\/wp-content\/uploads\/2023\/04\/a4hopajola-1000-1000-2.bmp 697w, https:\/\/skyddaskogen.se\/wp-content\/uploads\/2023\/04\/a4hopajola-1000-1000-2-300x154.jpg 300w, https:\/\/skyddaskogen.se\/wp-content\/uploads\/2023\/04\/a4hopajola-1000-1000-2-370x190.jpg 370w, https:\/\/skyddaskogen.se\/wp-content\/uploads\/2023\/04\/a4hopajola-1000-1000-2-410x211.jpg 410w\" sizes=\"(max-width: 697px) 100vw, 697px\" \/><\/figure>\n\n<figure class=\"wp-block-image size-large\"><img loading=\"lazy\" decoding=\"async\" width=\"1024\" height=\"683\" src=\"https:\/\/skyddaskogen.se\/wp-content\/uploads\/2023\/04\/skogsfestival-fortsattning-049-1024x683.jpeg\" alt=\"\" class=\"wp-image-32677\" srcset=\"https:\/\/skyddaskogen.se\/wp-content\/uploads\/2023\/04\/skogsfestival-fortsattning-049-1024x683.jpeg 1024w, https:\/\/skyddaskogen.se\/wp-content\/uploads\/2023\/04\/skogsfestival-fortsattning-049-300x200.jpeg 300w, https:\/\/skyddaskogen.se\/wp-content\/uploads\/2023\/04\/skogsfestival-fortsattning-049-768x512.jpeg 768w, https:\/\/skyddaskogen.se\/wp-content\/uploads\/2023\/04\/skogsfestival-fortsattning-049-1536x1024.jpeg 1536w, https:\/\/skyddaskogen.se\/wp-content\/uploads\/2023\/04\/skogsfestival-fortsattning-049-2048x1365.jpeg 2048w, https:\/\/skyddaskogen.se\/wp-content\/uploads\/2023\/04\/skogsfestival-fortsattning-049-1140x760.jpeg 1140w, https:\/\/skyddaskogen.se\/wp-content\/uploads\/2023\/04\/skogsfestival-fortsattning-049-570x380.jpeg 570w, https:\/\/skyddaskogen.se\/wp-content\/uploads\/2023\/04\/skogsfestival-fortsattning-049-380x254.jpeg 380w, https:\/\/skyddaskogen.se\/wp-content\/uploads\/2023\/04\/skogsfestival-fortsattning-049-285x190.jpeg 285w\" sizes=\"(max-width: 1024px) 100vw, 1024px\" \/><figcaption class=\"wp-element-caption\">Podiumsdiskussion mit Vertretern des Umwelt- und Landwirtschaftsausschusses des Riksdag w\u00e4hrend eines fr\u00fcheren Waldfestivals in \u00c5fallet. Foto: Das Waldfest. <\/figcaption><\/figure>\n\n<figure class=\"wp-block-image size-large\"><img loading=\"lazy\" decoding=\"async\" width=\"1024\" height=\"768\" src=\"https:\/\/skyddaskogen.se\/wp-content\/uploads\/2023\/04\/guidning-skogsfestivalen-1024x768.jpg\" alt=\"\" class=\"wp-image-65784\" srcset=\"https:\/\/skyddaskogen.se\/wp-content\/uploads\/2023\/04\/guidning-skogsfestivalen-1024x768.jpg 1024w, https:\/\/skyddaskogen.se\/wp-content\/uploads\/2023\/04\/guidning-skogsfestivalen-300x225.jpg 300w, https:\/\/skyddaskogen.se\/wp-content\/uploads\/2023\/04\/guidning-skogsfestivalen-768x576.jpg 768w, https:\/\/skyddaskogen.se\/wp-content\/uploads\/2023\/04\/guidning-skogsfestivalen-370x278.jpg 370w, https:\/\/skyddaskogen.se\/wp-content\/uploads\/2023\/04\/guidning-skogsfestivalen-840x630.jpg 840w, https:\/\/skyddaskogen.se\/wp-content\/uploads\/2023\/04\/guidning-skogsfestivalen-410x308.jpg 410w, https:\/\/skyddaskogen.se\/wp-content\/uploads\/2023\/04\/guidning-skogsfestivalen.jpg 1440w\" sizes=\"(max-width: 1024px) 100vw, 1024px\" \/><figcaption class=\"wp-element-caption\">Sebastian Kirppu leitet eine Exkursion im Rahmen des Waldfestes 2023. Foto: Viktor S\u00e4fve <\/figcaption><\/figure>\n\n<h2 class=\"wp-block-heading\">Programm<\/h2>\n\n<figure class=\"wp-block-image size-large\"><img loading=\"lazy\" decoding=\"async\" width=\"1024\" height=\"682\" src=\"https:\/\/skyddaskogen.se\/wp-content\/uploads\/2023\/04\/img-1-1740675553682-1-1024x682.jpg\" alt=\"\" class=\"wp-image-65860\" srcset=\"https:\/\/skyddaskogen.se\/wp-content\/uploads\/2023\/04\/img-1-1740675553682-1-1024x682.jpg 1024w, https:\/\/skyddaskogen.se\/wp-content\/uploads\/2023\/04\/img-1-1740675553682-1-300x200.jpg 300w, https:\/\/skyddaskogen.se\/wp-content\/uploads\/2023\/04\/img-1-1740675553682-1-768x512.jpg 768w, https:\/\/skyddaskogen.se\/wp-content\/uploads\/2023\/04\/img-1-1740675553682-1-370x247.jpg 370w, https:\/\/skyddaskogen.se\/wp-content\/uploads\/2023\/04\/img-1-1740675553682-1-840x560.jpg 840w, https:\/\/skyddaskogen.se\/wp-content\/uploads\/2023\/04\/img-1-1740675553682-1-410x273.jpg 410w, https:\/\/skyddaskogen.se\/wp-content\/uploads\/2023\/04\/img-1-1740675553682-1.jpg 1070w\" sizes=\"(max-width: 1024px) 100vw, 1024px\" \/><figcaption class=\"wp-element-caption\"><strong>Andris Vogelfl\u00fcsterer<\/strong><\/figcaption><\/figure>\n\n<p><strong>Andris Vogelfl\u00fcsterer<\/strong><br\/>Andris, auch bekannt als &#8222;Der Vogelfl\u00fcsterer&#8220;, wuchs in Degerfors auf und hat von klein auf eine enge Beziehung zum Wald und seinen Bewohnern aufgebaut. Er lernte auf eigene Faust, die wilden Tiere aufzusp\u00fcren und sich ihnen zu n\u00e4hern, und entwickelte die F\u00e4higkeit, die Rufe von bis zu 150 verschiedenen Vogelarten nachzuahmen. Er ist ein bisschen ein &#8222;wilder&#8220; Mensch, hat das einfache Leben in engem Kontakt mit der Natur erforscht und ist leidenschaftlich daran interessiert, lebendige Landschaften zu renaturieren und wiederherzustellen, ein Versuch, die Rolle des Menschen als Schl\u00fcsselspezies im \u00d6kosystem zu finden.    <\/p>\n\n<p>Andris wird \u00fcber seine Beziehung zu den wilden Tieren sprechen und sich insbesondere darauf konzentrieren, was er durch die Verfolgung wilder W\u00f6lfe gelernt hat und wie sie uns unsere eigene Rolle bei der Wiederherstellung der Natur zeigen k\u00f6nnen. Es wird auch gelegentlich Vogelgezwitscher geben!   <\/p>\n\n<h2 class=\"wp-block-heading\">Konzerte<\/h2>\n\n<figure class=\"wp-block-image size-large\"><img loading=\"lazy\" decoding=\"async\" width=\"1024\" height=\"683\" src=\"https:\/\/skyddaskogen.se\/wp-content\/uploads\/2023\/04\/mullinmallin-62-1-1024x683.jpg\" alt=\"\" class=\"wp-image-65888\" srcset=\"https:\/\/skyddaskogen.se\/wp-content\/uploads\/2023\/04\/mullinmallin-62-1-1024x683.jpg 1024w, https:\/\/skyddaskogen.se\/wp-content\/uploads\/2023\/04\/mullinmallin-62-1-300x200.jpg 300w, https:\/\/skyddaskogen.se\/wp-content\/uploads\/2023\/04\/mullinmallin-62-1-768x512.jpg 768w, https:\/\/skyddaskogen.se\/wp-content\/uploads\/2023\/04\/mullinmallin-62-1-1536x1024.jpg 1536w, https:\/\/skyddaskogen.se\/wp-content\/uploads\/2023\/04\/mullinmallin-62-1-2048x1365.jpg 2048w, https:\/\/skyddaskogen.se\/wp-content\/uploads\/2023\/04\/mullinmallin-62-1-370x247.jpg 370w, https:\/\/skyddaskogen.se\/wp-content\/uploads\/2023\/04\/mullinmallin-62-1-840x560.jpg 840w, https:\/\/skyddaskogen.se\/wp-content\/uploads\/2023\/04\/mullinmallin-62-1-410x273.jpg 410w\" sizes=\"(max-width: 1024px) 100vw, 1024px\" \/><figcaption class=\"wp-element-caption\"><strong>Mullin Mallin Band<\/strong> Foto: Angelika Goldmann<\/figcaption><\/figure>\n\n<p><strong>Mullin Mallin Band<\/strong><\/p>\n\n<p>Schiebe die Tische und St\u00fchle weg und z\u00fcnde die bunten Lichterketten an: Wenn die Mullin Mallin spielt, ist es Zeit zum Tanzen! Langer Tanz oder individueller verr\u00fcckter Tanz, w\u00e4hlen Sie selbst. Niemand kann still stehen, wenn Balkanmusik gespielt wird.  <\/p>\n\n<p>Die Mullin Mallin Band spielt eing\u00e4ngige Partymusik vom Balkan, hat aber auch stimmungsvollere Songs im Repertoire. Mal wild und verr\u00fcckt, mal mit sehns\u00fcchtiger Melancholie. Es ist Musik aus verschiedenen Teilen der Welt, Musik f\u00fcr Liebe, Schmerz und wahnsinnige Freude! Lebensfreude im Musikformat, ganz einfach.   <\/p>\n\n<p>Die Band besteht aus neun Personen, die kraftvollen Gesang bieten und Geige, Bass, Bouzouki, E-Gitarre, Akkordeon, Klarinette und verschiedene Perkussionsinstrumente wie Darbouka, Djembe, Davul und Cajun spielen.  <br\/><br\/><a href=\"https:\/\/www.mullinmallin.se\">Die Website der Band<\/a><\/p>\n\n<figure class=\"wp-block-image size-large\"><img loading=\"lazy\" decoding=\"async\" width=\"944\" height=\"1024\" src=\"https:\/\/skyddaskogen.se\/wp-content\/uploads\/2023\/04\/img-2051-944x1024.jpeg\" alt=\"\" class=\"wp-image-65892\" srcset=\"https:\/\/skyddaskogen.se\/wp-content\/uploads\/2023\/04\/img-2051-944x1024.jpeg 944w, https:\/\/skyddaskogen.se\/wp-content\/uploads\/2023\/04\/img-2051-276x300.jpeg 276w, https:\/\/skyddaskogen.se\/wp-content\/uploads\/2023\/04\/img-2051-768x834.jpeg 768w, https:\/\/skyddaskogen.se\/wp-content\/uploads\/2023\/04\/img-2051-1415x1536.jpeg 1415w, https:\/\/skyddaskogen.se\/wp-content\/uploads\/2023\/04\/img-2051-370x402.jpeg 370w, https:\/\/skyddaskogen.se\/wp-content\/uploads\/2023\/04\/img-2051-840x912.jpeg 840w, https:\/\/skyddaskogen.se\/wp-content\/uploads\/2023\/04\/img-2051-410x445.jpeg 410w, https:\/\/skyddaskogen.se\/wp-content\/uploads\/2023\/04\/img-2051.jpeg 1887w\" sizes=\"(max-width: 944px) 100vw, 944px\" \/><figcaption class=\"wp-element-caption\"><strong>IZHAV<\/strong> Foto: Novalie Ljungvide<\/figcaption><\/figure>\n\n<p>IZHAV<\/p>\n\n<p>Izabelle Nor\u00e9n Nielsen (IZHAV) schreibt Texte und Musik im Genre Pop\/Folk\/Indie, die gro\u00dfe Emotionen und universelle menschliche Gedanken ber\u00fchren. Indem sie ihre musikalischen Geschichten mit anderen teilt, m\u00f6chte sie einen Raum schaffen, in dem sich jeder dort umarmen kann, wo wir gerade sind. <\/p>\n\n<p>Sie pickt sich Geschichten aus der Dunkelheit und dem Licht heraus, die sie durchs Leben begleitet haben. Ihre Geschichte erinnert eher an eine fiktive Abenteuertrilogie als an ein drei\u00dfigj\u00e4hriges Leben. Stra\u00dfenmusik, Trampen \u00fcber Kontinente geh\u00f6ren zu Kapiteln aus der Vergangenheit, Queer auf dem Land und Gem\u00fcseanbau zur Gegenwart.  <\/p>\n\n<p>Es gibt eine Zug\u00e4nglichkeit in der Musik, die auff\u00e4llt. Eine Einladung zu landen und einfach nur zu sein &#8211; so wie wir sind. Unvollkommen und absolut wunderbar.  <br\/><br\/><a href=\"https:\/\/open.spotify.com\/artist\/4s81MRpdYQU50ogu9HPU3L\">H\u00f6ren Sie sich IZHAV an<\/a><\/p>\n\n<figure class=\"wp-block-gallery has-nested-images columns-default is-cropped wp-block-gallery-2 is-layout-flex wp-block-gallery-is-layout-flex\">\n<figure class=\"wp-block-image size-large\"><img loading=\"lazy\" decoding=\"async\" width=\"1024\" height=\"1024\" data-id=\"65988\" src=\"https:\/\/skyddaskogen.se\/wp-content\/uploads\/2023\/04\/anders-n-1024x1024.jpg\" alt=\"\" class=\"wp-image-65988\" srcset=\"https:\/\/skyddaskogen.se\/wp-content\/uploads\/2023\/04\/anders-n-1024x1024.jpg 1024w, https:\/\/skyddaskogen.se\/wp-content\/uploads\/2023\/04\/anders-n-300x300.jpg 300w, https:\/\/skyddaskogen.se\/wp-content\/uploads\/2023\/04\/anders-n-150x150.jpg 150w, https:\/\/skyddaskogen.se\/wp-content\/uploads\/2023\/04\/anders-n-768x768.jpg 768w, https:\/\/skyddaskogen.se\/wp-content\/uploads\/2023\/04\/anders-n-370x370.jpg 370w, https:\/\/skyddaskogen.se\/wp-content\/uploads\/2023\/04\/anders-n-120x120.jpg 120w, https:\/\/skyddaskogen.se\/wp-content\/uploads\/2023\/04\/anders-n-840x840.jpg 840w, https:\/\/skyddaskogen.se\/wp-content\/uploads\/2023\/04\/anders-n-410x410.jpg 410w, https:\/\/skyddaskogen.se\/wp-content\/uploads\/2023\/04\/anders-n.jpg 1080w\" sizes=\"(max-width: 1024px) 100vw, 1024px\" \/><figcaption class=\"wp-element-caption\">Anders Norudde Foto: Stephan Andersson<\/figcaption><\/figure>\n<\/figure>\n\n<p>Anders Norudde<br\/><br\/>Anders ist ein legend\u00e4rer Volksmusiker, Instrumentenbauer und Nationalgeiger. Er spielt u.a. schwedischen Dudelsack, Geige, Horn und Mora-Harfe. In den 1980er Jahren gr\u00fcndete er zusammen mit Totte Mattson und Bj\u00f6rn Tollin die Gruppe Hedningen. Er ist auch eine der treibenden Kr\u00e4fte hinter der magischen Volksmusikgruppe Bl\u00e5 Bergens Borduner.   <\/p>\n\n<p>Anders hat eine starke Liebe zum Wald und eine Wut auf diejenigen, die ihn verw\u00fcsten: &#8222;Mein Wald wird bleiben, auch wenn er alle seine Nadeln verloren hat&#8220;&#8230;<\/p>\n\n<p>Es gibt Waldzauber und traditionelle Volksmusik, wenn Anders die B\u00fchne betritt!<\/p>\n\n<figure class=\"wp-block-image size-large is-resized\"><img loading=\"lazy\" decoding=\"async\" width=\"853\" height=\"639\" src=\"https:\/\/skyddaskogen.se\/wp-content\/uploads\/2025\/05\/img-5766-1-edited.jpg\" alt=\"\" class=\"wp-image-66276\" style=\"width:870px;height:auto\" srcset=\"https:\/\/skyddaskogen.se\/wp-content\/uploads\/2025\/05\/img-5766-1-edited.jpg 853w, https:\/\/skyddaskogen.se\/wp-content\/uploads\/2025\/05\/img-5766-1-edited-300x225.jpg 300w, https:\/\/skyddaskogen.se\/wp-content\/uploads\/2025\/05\/img-5766-1-edited-768x575.jpg 768w, https:\/\/skyddaskogen.se\/wp-content\/uploads\/2025\/05\/img-5766-1-edited-370x277.jpg 370w, https:\/\/skyddaskogen.se\/wp-content\/uploads\/2025\/05\/img-5766-1-edited-840x629.jpg 840w, https:\/\/skyddaskogen.se\/wp-content\/uploads\/2025\/05\/img-5766-1-edited-410x307.jpg 410w\" sizes=\"(max-width: 853px) 100vw, 853px\" \/><figcaption class=\"wp-element-caption\"><strong>VERSPOTTEN<\/strong><\/figcaption><\/figure>\n\n<p>MOCKLA wurde aus den W\u00e4ldern von V\u00e4rmland geschl\u00fcpft.  <\/p>\n\n<p>Wie bei einem Trojanischen Pferd wei\u00df man nie, was es auf einen abgesehen hat.  <\/p>\n\n<p>Von Anbetung zu Anbetung<\/p>\n\n<p>Von Kaffeemusik bis Chaos<\/p>\n\n<p>Vom sch\u00f6nen Lied zum Seelied<\/p>\n\n<p>Von Samba bis analogem Techno  <\/p>\n\n<p>Genussvoll und zeitlos, gestohlen und ihr eigen.  <\/p>\n\n<p>Komm, es wird ein Spa\u00df.<\/p>\n\n<figure class=\"wp-block-image size-large is-resized\"><img loading=\"lazy\" decoding=\"async\" width=\"682\" height=\"1024\" src=\"https:\/\/skyddaskogen.se\/wp-content\/uploads\/2023\/04\/kamilla-sol-682x1024.jpeg\" alt=\"\" class=\"wp-image-66502\" style=\"width:870px;height:auto\" srcset=\"https:\/\/skyddaskogen.se\/wp-content\/uploads\/2023\/04\/kamilla-sol-682x1024.jpeg 682w, https:\/\/skyddaskogen.se\/wp-content\/uploads\/2023\/04\/kamilla-sol-200x300.jpeg 200w, https:\/\/skyddaskogen.se\/wp-content\/uploads\/2023\/04\/kamilla-sol-768x1154.jpeg 768w, https:\/\/skyddaskogen.se\/wp-content\/uploads\/2023\/04\/kamilla-sol-1022x1536.jpeg 1022w, https:\/\/skyddaskogen.se\/wp-content\/uploads\/2023\/04\/kamilla-sol-370x556.jpeg 370w, https:\/\/skyddaskogen.se\/wp-content\/uploads\/2023\/04\/kamilla-sol-840x1262.jpeg 840w, https:\/\/skyddaskogen.se\/wp-content\/uploads\/2023\/04\/kamilla-sol-410x616.jpeg 410w, https:\/\/skyddaskogen.se\/wp-content\/uploads\/2023\/04\/kamilla-sol.jpeg 1363w\" sizes=\"(max-width: 682px) 100vw, 682px\" \/><figcaption class=\"wp-element-caption\">Kamilla Sol Foto: Eleonor Johansson<\/figcaption><\/figure>\n\n<p><br\/><strong>Kamilla Sol &#8211; Leben im Wald<\/strong><br\/><br\/>Skogsliv ist eine audiovisuelle Performance, die von Kamilla Sol kreiert und aufgef\u00fchrt wurde. Live-Klangkunst zu Bildern aus Skogsv\u00e4rns Inventar sch\u00fctzenswerter W\u00e4lder. <\/p>\n\n<figure class=\"wp-block-image size-large is-resized\"><img loading=\"lazy\" decoding=\"async\" width=\"731\" height=\"1024\" src=\"https:\/\/skyddaskogen.se\/wp-content\/uploads\/2023\/04\/elin-kieli-02-0048-731x1024.jpg\" alt=\"\" class=\"wp-image-66623\" style=\"width:870px;height:auto\" srcset=\"https:\/\/skyddaskogen.se\/wp-content\/uploads\/2023\/04\/elin-kieli-02-0048-731x1024.jpg 731w, https:\/\/skyddaskogen.se\/wp-content\/uploads\/2023\/04\/elin-kieli-02-0048-214x300.jpg 214w, https:\/\/skyddaskogen.se\/wp-content\/uploads\/2023\/04\/elin-kieli-02-0048-768x1075.jpg 768w, https:\/\/skyddaskogen.se\/wp-content\/uploads\/2023\/04\/elin-kieli-02-0048-1097x1536.jpg 1097w, https:\/\/skyddaskogen.se\/wp-content\/uploads\/2023\/04\/elin-kieli-02-0048-1463x2048.jpg 1463w, https:\/\/skyddaskogen.se\/wp-content\/uploads\/2023\/04\/elin-kieli-02-0048-370x518.jpg 370w, https:\/\/skyddaskogen.se\/wp-content\/uploads\/2023\/04\/elin-kieli-02-0048-840x1176.jpg 840w, https:\/\/skyddaskogen.se\/wp-content\/uploads\/2023\/04\/elin-kieli-02-0048-410x574.jpg 410w, https:\/\/skyddaskogen.se\/wp-content\/uploads\/2023\/04\/elin-kieli-02-0048-scaled.jpg 1829w\" sizes=\"(max-width: 731px) 100vw, 731px\" \/><\/figure>\n\n<p><strong>Kieli<\/strong><\/p>\n\n<p>Die S\u00e4ngerin, Multiinstrumentalistin und Songwriterin Kieli (Elin P\u00f6ll\u00e4nen) l\u00e4dt die Zuh\u00f6rer zu ihrer filmischen Klanglandschaft ein, die die Barriere zwischen Natur und Kultur durchbricht. Mit schwedisch-finnisch-karelischen Wurzeln und Einfl\u00fcssen aus Folk, Kammerpop, Alternative und Klassik wurde ihre Musik als einzigartig, melancholisch und gleichzeitig erhebend beschrieben, und ihre Stimme als &#8222;tanzend in der Musik wie ein K\u00f6rper, der durch den Wald rauscht, pr\u00e4zise und sch\u00f6n&#8220;. <\/p>\n\n<p>Ihre Musik schildert auf pers\u00f6nliche Weise Lebensthemen wie Trauer, zeitlose Liebe und Identit\u00e4t und verk\u00f6rpert ihren Hintergrund in Tier- und Naturrecht, Minderheitenvertretung und Erforschung von Mensch-Tier-Natur-Beziehungen. Kieli hat eine Deb\u00fct-EP (2019), ein mehrsprachiges Album (2023) und mehrere Singles (2020-2024) ver\u00f6ffentlicht. Ihre Musik war in einer Ausstellung \u00fcber den schwedischen Wald im Schwedischen Museum f\u00fcr Naturgeschichte und in der Sendung &#8222;Unclassified&#8220; des BBC-Radios zu h\u00f6ren.    <\/p>\n\n<p>Zurzeit nimmt sie &#8222;B\u00e4ckar och l\u00e5gor&#8220; auf, ein Album in schwedischer Sprache \u00fcber den Wald und die Erinnerungen, Gef\u00fchle und Widerst\u00e4nde, die entstehen, wenn der heimische Wald gef\u00e4llt wird.<br\/><\/p>\n\n<h2 class=\"wp-block-heading\">Vortr\u00e4ge und Autorentreffen<\/h2>\n\n<figure class=\"wp-block-image size-large\"><img loading=\"lazy\" decoding=\"async\" width=\"1920\" height=\"2560\" src=\"https:\/\/skyddaskogen.se\/wp-content\/uploads\/2025\/04\/erik-westholm-2023-edited-scaled.jpg\" alt=\"\" class=\"wp-image-65905\" srcset=\"https:\/\/skyddaskogen.se\/wp-content\/uploads\/2025\/04\/erik-westholm-2023-edited-scaled.jpg 1920w, https:\/\/skyddaskogen.se\/wp-content\/uploads\/2025\/04\/erik-westholm-2023-edited-225x300.jpg 225w, https:\/\/skyddaskogen.se\/wp-content\/uploads\/2025\/04\/erik-westholm-2023-edited-768x1024.jpg 768w, https:\/\/skyddaskogen.se\/wp-content\/uploads\/2025\/04\/erik-westholm-2023-edited-1152x1536.jpg 1152w, https:\/\/skyddaskogen.se\/wp-content\/uploads\/2025\/04\/erik-westholm-2023-edited-1536x2048.jpg 1536w, https:\/\/skyddaskogen.se\/wp-content\/uploads\/2025\/04\/erik-westholm-2023-edited-370x493.jpg 370w, https:\/\/skyddaskogen.se\/wp-content\/uploads\/2025\/04\/erik-westholm-2023-edited-840x1120.jpg 840w, https:\/\/skyddaskogen.se\/wp-content\/uploads\/2025\/04\/erik-westholm-2023-edited-410x547.jpg 410w\" sizes=\"(max-width: 1920px) 100vw, 1920px\" \/><figcaption class=\"wp-element-caption\"><strong>Erik Westholm <\/strong>Foto: Maja Gilbert Westholm<\/figcaption><\/figure>\n\n<p>Autorentreffen:<\/p>\n\n<p><strong>Erik Westholm <\/strong>ist Humangeograph und emeritierter Professor an der Schwedischen Universit\u00e4t f\u00fcr Agrarwissenschaften. Er ist zudem Waldbesitzer in einem aktiv bewirtschafteten Waldbesitz. Aktiv als Autor, Autor, Dozent und aktuell mit einem neuen Buch: Zehn Gedanken zur Zukunft des Waldes.  <\/p>\n\n<figure class=\"wp-block-image size-large\"><img loading=\"lazy\" decoding=\"async\" width=\"1024\" height=\"677\" src=\"https:\/\/skyddaskogen.se\/wp-content\/uploads\/2023\/04\/bokinfo-tio-tankar-om-skog-1024x677.jpg\" alt=\"\" class=\"wp-image-65901\" srcset=\"https:\/\/skyddaskogen.se\/wp-content\/uploads\/2023\/04\/bokinfo-tio-tankar-om-skog-1024x677.jpg 1024w, https:\/\/skyddaskogen.se\/wp-content\/uploads\/2023\/04\/bokinfo-tio-tankar-om-skog-300x198.jpg 300w, https:\/\/skyddaskogen.se\/wp-content\/uploads\/2023\/04\/bokinfo-tio-tankar-om-skog-768x508.jpg 768w, https:\/\/skyddaskogen.se\/wp-content\/uploads\/2023\/04\/bokinfo-tio-tankar-om-skog-1536x1016.jpg 1536w, https:\/\/skyddaskogen.se\/wp-content\/uploads\/2023\/04\/bokinfo-tio-tankar-om-skog-2048x1355.jpg 2048w, https:\/\/skyddaskogen.se\/wp-content\/uploads\/2023\/04\/bokinfo-tio-tankar-om-skog-370x245.jpg 370w, https:\/\/skyddaskogen.se\/wp-content\/uploads\/2023\/04\/bokinfo-tio-tankar-om-skog-840x556.jpg 840w, https:\/\/skyddaskogen.se\/wp-content\/uploads\/2023\/04\/bokinfo-tio-tankar-om-skog-410x271.jpg 410w\" sizes=\"(max-width: 1024px) 100vw, 1024px\" \/><\/figure>\n\n<figure class=\"wp-block-image size-large is-resized\"><img loading=\"lazy\" decoding=\"async\" width=\"712\" height=\"1024\" src=\"https:\/\/skyddaskogen.se\/wp-content\/uploads\/2023\/04\/2015-10-04-stottingfjallet19-712x1024.jpg\" alt=\"\" class=\"wp-image-66070\" style=\"width:861px;height:auto\" srcset=\"https:\/\/skyddaskogen.se\/wp-content\/uploads\/2023\/04\/2015-10-04-stottingfjallet19-712x1024.jpg 712w, https:\/\/skyddaskogen.se\/wp-content\/uploads\/2023\/04\/2015-10-04-stottingfjallet19-209x300.jpg 209w, https:\/\/skyddaskogen.se\/wp-content\/uploads\/2023\/04\/2015-10-04-stottingfjallet19-768x1104.jpg 768w, https:\/\/skyddaskogen.se\/wp-content\/uploads\/2023\/04\/2015-10-04-stottingfjallet19-1068x1536.jpg 1068w, https:\/\/skyddaskogen.se\/wp-content\/uploads\/2023\/04\/2015-10-04-stottingfjallet19-370x532.jpg 370w, https:\/\/skyddaskogen.se\/wp-content\/uploads\/2023\/04\/2015-10-04-stottingfjallet19-840x1208.jpg 840w, https:\/\/skyddaskogen.se\/wp-content\/uploads\/2023\/04\/2015-10-04-stottingfjallet19-410x590.jpg 410w, https:\/\/skyddaskogen.se\/wp-content\/uploads\/2023\/04\/2015-10-04-stottingfjallet19.jpg 1258w\" sizes=\"(max-width: 712px) 100vw, 712px\" \/><figcaption class=\"wp-element-caption\">Jon Andersson Foto: Jon Andersson<\/figcaption><\/figure>\n\n<p>Vortrag: <strong>Forest Monitor \u2013 ein Instrument zur \u00dcberwachung und zum Schutz des Naturerbes der EU in W\u00e4ldern<\/strong><\/p>\n\n<p>Skogsmonitor ist ein einzigartiger Kartendienst, der wichtige Kartenebenen mit wertvollen Waldumgebungen an einem Ort sammelt. Es wird auch eine neue umfassende Kartierung potenzieller \u00e4lterer W\u00e4lder und Kontinuit\u00e4tsw\u00e4lder vorgestellt. Die Kartenebenen zeigen, wo es in ganz Schweden W\u00e4lder mit hohem Naturschutzwert, aber auch soziale Werte und W\u00e4lder mit gro\u00dfen Kohlenstoffspeichern gibt oder geben k\u00f6nnte.    <\/p>\n\n<p>W\u00e4hrend des Vortrags von Jon Andersson wird ein Instrument vorgestellt, das die Arbeit an Umweltzielen und verschiedenen Arten von Naturschutz- und Klimainitiativen erleichtern soll. Skogsmonitor ist ein Kartendienst, der bessere Bedingungen f\u00fcr die Lokalisierung der W\u00e4lder mit den h\u00f6chsten Erhaltungswerten und der Landschaftsabschnitte schafft, in denen es Konzentrationen von potenziell \u00e4lteren W\u00e4ldern und Kontinuit\u00e4tsw\u00e4ldern gibt, die W\u00e4lder mit hohem Erhaltungswert sein k\u00f6nnen oder sind. Dies ist die Grundlage f\u00fcr eine funktionale Landschaftsplanung, die den Waldbewirtschaftern bei ihrer Naturschutzarbeit hilft: einzelne Waldbesitzer, Kommunen, Forstbetriebe und -beh\u00f6rden etc. Es ist aber auch eine Karte f\u00fcr das Leben im Freien und f\u00fcr alle, die das Naturerbe des Nordens erkunden und die Sch\u00f6nheit und Vielfalt der nat\u00fcrlichsten und pr\u00e4chtigsten W\u00e4lder Schwedens genie\u00dfen m\u00f6chten.   <\/p>\n\n<p>\u00dcber den Dozenten:<\/p>\n\n<p><strong>Jon Andersson<\/strong> ist Projektmanager, Datenentwickler, Animator und Illustrator bei <a href=\"http:\/\/skogsmonitor.se\/\">Skogsmonitor.se<\/a><\/p>\n\n<p>Jon ist GIS-Experte, Forstexperte, Natursch\u00fctzer und promovierte Biologie. Geboren und aufgewachsen in V\u00e4sterbotten. Schon als Kind begann er sich f\u00fcr den Wald zu interessieren und verbrachte dort viel Zeit. Nach seinem Studium der Biologie mit dem Schwerpunkt Biologie hat er sich mit Waldfragen besch\u00e4ftigt \u2013 in der Forschung, bei Beh\u00f6rden und als Berater \u2013 und ein solides Wissen \u00fcber den Zustand des Waldes und die Auswirkungen der Forstwirtschaft auf die Biodiversit\u00e4t und das Klima aufgebaut. Heute arbeite ich in Teilzeit bei der Organisation Protect the Forest, mit Waldkartierung und Waldmonitoring im <a href=\"http:\/\/skogsmonitor.se\/\">Projekt Skogsmonitor.se<\/a>, aber auch als Umweltberaterin.     <\/p>\n\n<figure class=\"wp-block-image size-large is-resized\"><img loading=\"lazy\" decoding=\"async\" width=\"683\" height=\"1024\" src=\"https:\/\/skyddaskogen.se\/wp-content\/uploads\/2023\/04\/annevi-sjoberg-683x1024.jpg\" alt=\"\" class=\"wp-image-66672\" style=\"width:870px;height:auto\" srcset=\"https:\/\/skyddaskogen.se\/wp-content\/uploads\/2023\/04\/annevi-sjoberg-683x1024.jpg 683w, https:\/\/skyddaskogen.se\/wp-content\/uploads\/2023\/04\/annevi-sjoberg-200x300.jpg 200w, https:\/\/skyddaskogen.se\/wp-content\/uploads\/2023\/04\/annevi-sjoberg-768x1152.jpg 768w, https:\/\/skyddaskogen.se\/wp-content\/uploads\/2023\/04\/annevi-sjoberg-1024x1536.jpg 1024w, https:\/\/skyddaskogen.se\/wp-content\/uploads\/2023\/04\/annevi-sjoberg-370x555.jpg 370w, https:\/\/skyddaskogen.se\/wp-content\/uploads\/2023\/04\/annevi-sjoberg-840x1260.jpg 840w, https:\/\/skyddaskogen.se\/wp-content\/uploads\/2023\/04\/annevi-sjoberg-410x615.jpg 410w, https:\/\/skyddaskogen.se\/wp-content\/uploads\/2023\/04\/annevi-sjoberg.jpg 1280w\" sizes=\"(max-width: 683px) 100vw, 683px\" \/><figcaption class=\"wp-element-caption\">Annevi Sj\u00f6berg<\/figcaption><\/figure>\n\n<p>Vortrag: <strong>Waldg\u00e4rten als Bildungsr\u00e4ume<\/strong><\/p>\n\n<p>Annevi Sj\u00f6berg wird Tipps zu geeigneten Pflanzen f\u00fcr den Anbau in Bildungseinrichtungen geben und ihre Erfahrungen mit dem Pflanzen von essbaren Pflanzen und der Schaffung von waldgarten\u00e4hnlichen Umgebungen in Kinderg\u00e4rten teilen.<\/p>\n\n<p>Ein Kurs f\u00fcr Anf\u00e4nger.<br\/><br\/>\u00dcber die Dozentin: <strong>Annevi Sj\u00f6berg<\/strong> war eine der Gr\u00fcnderinnen von Permakultur Stj\u00e4rnsund, unterrichtet Waldg\u00e4rtnern an der Volkshochschule F\u00e4rnebo und ist eine der Autorinnen der B\u00fccher Skogstr\u00e4dg\u00e5rden \u2013 odla \u00fcberall essbar, und Staudengem\u00fcse \u2013 entdecken, wachsen, genie\u00dfen. Gemeinsam mit Kindern hat sie essbare Pflanzen in einigen Kinderg\u00e4rten in den Gemeinden G\u00e4vle und Hedemora gepflanzt. Heutzutage arbeitet sie haupts\u00e4chlich mit der Firma Plockhugget und naturnaher Forstwirtschaft, hat aber einen gro\u00dfen Teil ihres Herzens immer noch im Waldgarten.  <\/p>\n\n<figure class=\"wp-block-image size-large\"><img loading=\"lazy\" decoding=\"async\" width=\"1362\" height=\"1362\" src=\"https:\/\/skyddaskogen.se\/wp-content\/uploads\/2025\/05\/stephen-b-edited.jpg\" alt=\"\" class=\"wp-image-66282\" srcset=\"https:\/\/skyddaskogen.se\/wp-content\/uploads\/2025\/05\/stephen-b-edited.jpg 1362w, https:\/\/skyddaskogen.se\/wp-content\/uploads\/2025\/05\/stephen-b-edited-300x300.jpg 300w, https:\/\/skyddaskogen.se\/wp-content\/uploads\/2025\/05\/stephen-b-edited-1024x1024.jpg 1024w, https:\/\/skyddaskogen.se\/wp-content\/uploads\/2025\/05\/stephen-b-edited-150x150.jpg 150w, https:\/\/skyddaskogen.se\/wp-content\/uploads\/2025\/05\/stephen-b-edited-768x768.jpg 768w, https:\/\/skyddaskogen.se\/wp-content\/uploads\/2025\/05\/stephen-b-edited-370x370.jpg 370w, https:\/\/skyddaskogen.se\/wp-content\/uploads\/2025\/05\/stephen-b-edited-120x120.jpg 120w, https:\/\/skyddaskogen.se\/wp-content\/uploads\/2025\/05\/stephen-b-edited-840x840.jpg 840w, https:\/\/skyddaskogen.se\/wp-content\/uploads\/2025\/05\/stephen-b-edited-410x410.jpg 410w\" sizes=\"(max-width: 1362px) 100vw, 1362px\" \/><figcaption class=\"wp-element-caption\">Stephen Barstow Foto: Karin Saler<\/figcaption><\/figure>\n\n<p>Vortrag: <strong>Eine Vielfalt an mehrj\u00e4hrigem Gem\u00fcse f\u00fcr den Waldgarten<\/strong><\/p>\n\n<p>\u00dcber den Dozenten: <strong>Stephen Barstow<\/strong> ist ein britisch-norwegischer Pflanzen-Nerd, Autor und Experte f\u00fcr mehrj\u00e4hriges Gem\u00fcse und Blogger bei <a href=\"http:\/\/edimentals.com\/\">edimentals.com<\/a>. Er ist bekannt f\u00fcr sein Buch Around the World in 80 Plants und seine Arbeit zur F\u00f6rderung essbarer mehrj\u00e4hriger Pflanzen. Barstow ist eine zentrale Figur in KVANN (Norwegian Seed Savers) und ist heute Gastzwiebelforscher im NTNU Ringve Botanical Garden in Trondheim, Norwegen, wo er eine Sammlung von \u00fcber 400 mehrj\u00e4hrigen Zwiebeln (L\u00f8khagen Chicago) aufgebaut hat. Er ist besonders bekannt f\u00fcr seine ausgiebigen Versuche mit mehrj\u00e4hrigem Gem\u00fcse (\u00fcber 6.000) und daf\u00fcr, dass er einen Salat mit 537 verschiedenen Arten kreiert hat! Seine vielen Megasalate, ein Wintersalat mit 140 Pflanzen, ein Ferment mit 412 Pflanzen, ein Pesto mit 230 Zwiebelsorten sind alle von traditionellen mediterranen Mehrartengerichten inspiriert, was ihm den Titel &#8222;Extremer Salatmann&#8220; einbrachte. Seit seiner Pensionierung hat er auch den World Garden im V\u00e6res Venner Community Garden in Trondheim angelegt, in dem \u00fcber 200 mehrj\u00e4hrige Gem\u00fcsesorten ausgestellt sind, und ist damit besch\u00e4ftigt, die erstaunliche Artenvielfalt zu dokumentieren, die mit seinen Pflanzensammlungen verbunden ist!     <\/p>\n\n<figure class=\"wp-block-image size-full is-resized\"><img loading=\"lazy\" decoding=\"async\" width=\"576\" height=\"768\" src=\"https:\/\/skyddaskogen.se\/wp-content\/uploads\/2023\/04\/foto-goran.jpg\" alt=\"\" class=\"wp-image-66510\" style=\"width:870px;height:auto\" srcset=\"https:\/\/skyddaskogen.se\/wp-content\/uploads\/2023\/04\/foto-goran.jpg 576w, https:\/\/skyddaskogen.se\/wp-content\/uploads\/2023\/04\/foto-goran-225x300.jpg 225w, https:\/\/skyddaskogen.se\/wp-content\/uploads\/2023\/04\/foto-goran-370x493.jpg 370w, https:\/\/skyddaskogen.se\/wp-content\/uploads\/2023\/04\/foto-goran-410x547.jpg 410w\" sizes=\"(max-width: 600px) 100vw, 576px\" \/><figcaption class=\"wp-element-caption\">G\u00f6ran Englund<\/figcaption><\/figure>\n\n<p>Vortrag: <strong>Der Wald und das Klima<\/strong><\/p>\n\n<p>Wie wirkt sich die Forstwirtschaft auf das Klima aus? Es ist ein wichtiges, relevantes und interessantes Forschungsgebiet. Untersuchungen zeigen, dass eine Reduzierung des Holzeinschlags unmittelbare und kosteneffiziente Vorteile f\u00fcr das Klima bringen w\u00fcrde. G\u00f6ran Englund und seine Kollegen haben Berechnungen angestellt, die zeigen, dass die Klimavorteile gro\u00df w\u00e4ren, wenn die Abholzungen sinken w\u00fcrden. Gleichzeitig gibt es andere Forscher, die das Gegenteil behaupten. Warum kommen verschiedene Forscher zu so unterschiedlichen Schlussfolgerungen? Dar\u00fcber wird G\u00f6ran in seinem Vortrag sprechen.      <\/p>\n\n<p>\u00dcber den Dozenten: <strong>G\u00f6ran Englund<\/strong><\/p>\n\n<p>G\u00f6ran ist emeritierter Professor f\u00fcr \u00d6kologie an der Universit\u00e4t Ume\u00e5 und hat sich in den letzten Jahren f\u00fcr die Klimaauswirkungen der Forstwirtschaft interessiert.<\/p>\n\n<figure class=\"wp-block-image size-large\"><img loading=\"lazy\" decoding=\"async\" width=\"1024\" height=\"830\" src=\"https:\/\/skyddaskogen.se\/wp-content\/uploads\/2023\/04\/martin-1024x830.jpg\" alt=\"\" class=\"wp-image-32695\" srcset=\"https:\/\/skyddaskogen.se\/wp-content\/uploads\/2023\/04\/martin-1024x830.jpg 1024w, https:\/\/skyddaskogen.se\/wp-content\/uploads\/2023\/04\/martin-300x243.jpg 300w, https:\/\/skyddaskogen.se\/wp-content\/uploads\/2023\/04\/martin-768x622.jpg 768w, https:\/\/skyddaskogen.se\/wp-content\/uploads\/2023\/04\/martin-1536x1245.jpg 1536w, https:\/\/skyddaskogen.se\/wp-content\/uploads\/2023\/04\/martin-2048x1660.jpg 2048w\" sizes=\"(max-width: 1024px) 100vw, 1024px\" \/><figcaption class=\"wp-element-caption\">Martin Jentzen Foto: David Johansson<\/figcaption><\/figure>\n\n<p>Vortrag: <strong>Naturnahe Forstwirtschaft<\/strong> &#8211; Die Philosophie dahinter und ihre Praxis. Kann es qualit\u00e4tsgesichert werden? <\/p>\n\n<p>Ein Vortrag \u00fcber Wald und naturnahe Forstwirtschaft und dar\u00fcber, wie die Ansicht, dass der Wald eine Bewirtschaftung ist, gebrochen werden muss. Martin spricht \u00fcber die Grundlagen, die Praxis und \u00fcber die Ekoskog-Initiative. <br\/><br\/>\u00dcber den Dozenten:  <br\/><br\/><strong>Martin Jentzen<\/strong> arbeitet als selbst\u00e4ndiger Berater mit dem Schwerpunkt naturnahe Forstwirtschaft.<\/p>\n\n<p>Martin hat einen Abschluss als Forstingenieur und hat zuvor einige Jahre bei der schwedischen Forstbeh\u00f6rde und als Holzeink\u00e4ufer gearbeitet. Im Laufe der Zeit hat sich sein Interesse jedoch immer mehr auf die Wald\u00f6kologie und die naturnahe Forstwirtschaft konzentriert. In diesem Bereich hat Martin viel Wissen und Inspiration von seinen deutschen Kollegen erhalten.  <br\/><\/p>\n\n<h2 class=\"wp-block-heading\">Werkst\u00e4tten  <\/h2>\n\n<figure class=\"wp-block-image size-full is-resized\"><img loading=\"lazy\" decoding=\"async\" width=\"726\" height=\"534\" src=\"https:\/\/skyddaskogen.se\/wp-content\/uploads\/2023\/04\/etta-jona5.jpg\" alt=\"\" class=\"wp-image-66559\" style=\"width:870px;height:auto\" srcset=\"https:\/\/skyddaskogen.se\/wp-content\/uploads\/2023\/04\/etta-jona5.jpg 726w, https:\/\/skyddaskogen.se\/wp-content\/uploads\/2023\/04\/etta-jona5-300x221.jpg 300w, https:\/\/skyddaskogen.se\/wp-content\/uploads\/2023\/04\/etta-jona5-370x272.jpg 370w, https:\/\/skyddaskogen.se\/wp-content\/uploads\/2023\/04\/etta-jona5-410x302.jpg 410w\" sizes=\"(max-width: 726px) 100vw, 726px\" \/><figcaption class=\"wp-element-caption\">Gylleboverket<\/figcaption><\/figure>\n\n<p><strong>Gylleboverket<\/strong><\/p>\n\n<p>Gylleboverkets K\u00fcnstlergruppe (Jona Elfdahl &amp; Etta S\u00e4fve) arbeitet als K\u00fcnstler*innen und betreibt gemeinsam Gylleboveket \u2013 eine interdisziplin\u00e4re Plattform f\u00fcr Kunst, Kultur und Resilienz auf einem ehemaligen Bauschrottplatz. Sie betreiben auch die Permakultur-Farm B\u00e5t i skogen \u2013 einen Hafen f\u00fcr radikale Nomaden. Auf dem Hof haben sie unter anderem einen 3 Hektar gro\u00dfen Nahrungswald mit Hunderten von Nussb\u00e4umen und Fr\u00fcchten, Beeren und Stauden angelegt.    <\/p>\n\n<p>Anhand dieser beiden Orte und interdisziplin\u00e4rer Kollaborationen, permakultureller Werkzeuge und k\u00fcnstlerischer Methoden erforschen sie Fragen der existenziellen Resilienz, des inneren und \u00e4u\u00dferen \u00dcbergangs, wie wir mit dem Ungreifbaren leben k\u00f6nnen, was ein \u00f6kologisches Selbst sein k\u00f6nnte und wie wir Teil von etwas Regenerativem sein k\u00f6nnen.<\/p>\n\n<p>Auf dem Waldfest veranstalten sie eine Gespr\u00e4chswerkstatt und eine soziale Plastik \u00fcber Diversit\u00e4t, Beziehungen und existenzielle Resilienz. Wie k\u00fcmmern wir uns um unsere Unterschiede, das Immaterielle, die Trauer und Liebe, das Mehr als Menschliche, die Landschaften, uns selbst und einander im \u00dcbergangsprozess?   <br\/><br\/><a href=\"https:\/\/gylleboverket.se\/\">Website von Gylleboverket<\/a><\/p>\n\n<figure class=\"wp-block-image size-large\"><img loading=\"lazy\" decoding=\"async\" width=\"1024\" height=\"516\" src=\"https:\/\/skyddaskogen.se\/wp-content\/uploads\/2023\/04\/undereken-1024x516.png\" alt=\"\" class=\"wp-image-66612\" srcset=\"https:\/\/skyddaskogen.se\/wp-content\/uploads\/2023\/04\/undereken-1024x516.png 1024w, https:\/\/skyddaskogen.se\/wp-content\/uploads\/2023\/04\/undereken-300x151.png 300w, https:\/\/skyddaskogen.se\/wp-content\/uploads\/2023\/04\/undereken-768x387.png 768w, https:\/\/skyddaskogen.se\/wp-content\/uploads\/2023\/04\/undereken-370x186.png 370w, https:\/\/skyddaskogen.se\/wp-content\/uploads\/2023\/04\/undereken-840x423.png 840w, https:\/\/skyddaskogen.se\/wp-content\/uploads\/2023\/04\/undereken-410x206.png 410w, https:\/\/skyddaskogen.se\/wp-content\/uploads\/2023\/04\/undereken.png 1438w\" sizes=\"(max-width: 1024px) 100vw, 1024px\" \/><figcaption class=\"wp-element-caption\">Hanna J\u00f6nsson &#8211; Unter der Eiche<\/figcaption><\/figure>\n\n<p>Workshop: <strong>Gestaltung eines Waldgartens<\/strong><\/p>\n\n<p>Ein inspirierender Workshop zur Gestaltung eines Waldgartens mit <strong>Hanna J\u00f6nsson<\/strong> von Under Eken.<\/p>\n\n<p>Lernen Sie die Grundlagen, wie Sie einen Waldgarten auf der Grundlage der Pflanzen gestalten.<br\/><br\/>\u00dcber den Workshop-Inhaber:  <\/p>\n\n<p>Durch Tore von Buchenw\u00e4ldern und Lichtungen im Fels schlich sich meine Kindheit durch die sch\u00f6nen Dinge und das magische Licht der Natur. Im Garten meiner Mutter lernten meine H\u00e4nde die Bl\u00e4tter und St\u00e4ngel, die Erde und den Samen kennen. Hinter dem Schulhof habe ich meine ersten heimlichen Schneegl\u00f6ckchen gepflanzt und im Wald habe ich meine ersten G\u00e4rten f\u00fcr M\u00e4use und Trolle angelegt.  <\/p>\n\n<p>Ich wurde Floristin und meine H\u00e4nde wurden in Farbe und Verg\u00e4nglichkeit geschaffen. Ich wollte die Welt sehen und verstehen, und mein Wunsch, eine sch\u00f6nere Welt f\u00fcr mehr Menschen zu schaffen, f\u00fchrte mich zur Wiederverwendung von Design und zur Beteiligung an Schulen zum Thema Essen und Klima. Aber ich wollte mehr verstehen, verstehen, wie alles zusammenh\u00e4ngt. Das Klima, die Nahrung, der Boden. Der Waldgarten wurde mein neuer Freund und heute ist er der Ort, an dem ich die Antworten finde, die Fragen stelle und die Inspiration bekomme. Bei R\u00f6nns\u00e5ker und Under the oak erschaffe ich den Garten meiner Tr\u00e4ume und was die Zukunft meiner Tr\u00e4ume ist. An der Holma Folk High School und im ganzen Land halte ich Vortr\u00e4ge und inspiriere zum Design essbarer Stauden. Ich hoffe, ich kann dich auch inspirieren und hei\u00dfe dich herzlich willkommen, mich zu kontaktieren, wenn du m\u00f6chtest, dass ich bei dir zu Hause entwerfe!       <\/p>\n\n<p>Webseite: <a href=\"http:\/\/www.undereken.se\">www.undereken.se<\/a><\/p>\n\n<h2 class=\"wp-block-heading\"><strong>Bioblitz<\/strong> &#8211; Das Waldfest<\/h2>\n\n<p>W\u00e4hrend des Waldfestes wird es zwei verschiedene Bioblitzas geben, die von Elin G\u00f6tmark und Toni Berglund geleitet werden. Einer findet im Waldgarten von \u00c5fallet und der andere in einem Wald in der N\u00e4he des Waldfestes statt. <br\/><br\/>Bioblitz ist eine intensive Inventur der Arten und der Artenvielfalt in einem bestimmten Gebiet. Beim Waldfest sind Experten und Amateure eingeladen, gemeinsam die Artenvielfalt zu entdecken und zu kartieren, indem sie eine Bestandsaufnahme von m\u00f6glichst vielen Lebewesen in den Gebieten machen und dann alle Beobachtungen gemeinsam durchgehen. Damit soll die fantastische Artenvielfalt, auf die wir alle angewiesen sind und die wir sch\u00fctzen m\u00fcssen, hervorheben und hervorheben.  <\/p>\n\n<figure class=\"wp-block-image size-large is-resized\"><img loading=\"lazy\" decoding=\"async\" width=\"768\" height=\"1024\" src=\"https:\/\/skyddaskogen.se\/wp-content\/uploads\/2023\/04\/elingotmark-768x1024.jpg\" alt=\"\" class=\"wp-image-66505\" style=\"width:870px;height:auto\" srcset=\"https:\/\/skyddaskogen.se\/wp-content\/uploads\/2023\/04\/elingotmark-768x1024.jpg 768w, https:\/\/skyddaskogen.se\/wp-content\/uploads\/2023\/04\/elingotmark-225x300.jpg 225w, https:\/\/skyddaskogen.se\/wp-content\/uploads\/2023\/04\/elingotmark-1152x1536.jpg 1152w, https:\/\/skyddaskogen.se\/wp-content\/uploads\/2023\/04\/elingotmark-1536x2048.jpg 1536w, https:\/\/skyddaskogen.se\/wp-content\/uploads\/2023\/04\/elingotmark-370x493.jpg 370w, https:\/\/skyddaskogen.se\/wp-content\/uploads\/2023\/04\/elingotmark-840x1120.jpg 840w, https:\/\/skyddaskogen.se\/wp-content\/uploads\/2023\/04\/elingotmark-410x547.jpg 410w, https:\/\/skyddaskogen.se\/wp-content\/uploads\/2023\/04\/elingotmark-scaled.jpg 1920w\" sizes=\"(max-width: 768px) 100vw, 768px\" \/><figcaption class=\"wp-element-caption\">Elin G\u00f6tmark<\/figcaption><\/figure>\n\n<p><strong>Elin G\u00f6tmark<\/strong> ist Sprecherin von Protect the Forest und Mitglied der Redaktion der Zeitschrift Myrinia der Freunde der Mossorna. Sie wurde vor \u00fcber zwanzig Jahren bei den Feldbiologen zum ersten Mal f\u00fcr den Wald aktiv und hat ein gro\u00dfes Interesse an der Artenvielfalt in all ihren Formen. Sie hat gerade einen Bauernhof mit etwas Wald n\u00f6rdlich von Alings\u00e5s erworben, wo sie auch mit dem Ackerbau begonnen hat &#8211; und nat\u00fcrlich mit dem Ziel, die Artenvielfalt des Hofes zu kartieren.  <\/p>\n\n<h2 class=\"wp-block-heading\">Aktivit\u00e4ten f\u00fcr Kinder<\/h2>\n\n<figure class=\"wp-block-image size-full\"><img loading=\"lazy\" decoding=\"async\" width=\"1024\" height=\"769\" src=\"https:\/\/skyddaskogen.se\/wp-content\/uploads\/2023\/04\/image.png\" alt=\"\" class=\"wp-image-66662\" srcset=\"https:\/\/skyddaskogen.se\/wp-content\/uploads\/2023\/04\/image.png 1024w, https:\/\/skyddaskogen.se\/wp-content\/uploads\/2023\/04\/image-300x225.png 300w, https:\/\/skyddaskogen.se\/wp-content\/uploads\/2023\/04\/image-768x577.png 768w, https:\/\/skyddaskogen.se\/wp-content\/uploads\/2023\/04\/image-370x278.png 370w, https:\/\/skyddaskogen.se\/wp-content\/uploads\/2023\/04\/image-840x631.png 840w, https:\/\/skyddaskogen.se\/wp-content\/uploads\/2023\/04\/image-410x308.png 410w\" sizes=\"(max-width: 1024px) 100vw, 1024px\" \/><figcaption class=\"wp-element-caption\">Sara Antell<\/figcaption><\/figure>\n\n<p>Die Biologin und Naturp\u00e4dagogin Sara Antell wird dieses Jahr die Aktivit\u00e4ten f\u00fcr die Kinder beim Waldfest leiten! Am Wochenende gibt es mehrere spannende Sitzungen f\u00fcr Kinder und Familien mit Kindern. -Mitmachen, spielen, lernen und entdecken!  <br\/><br\/>Wir erkunden unter anderem das Leben im Teich, in den Reishaufen, im Waldgarten und im umliegenden Wald. Wir testen verschiedene Methoden des Sammelns von Tieren und Pflanzen, um sie genauer unter die Lupe zu nehmen und dar\u00fcber nachzudenken, warum sie hier leben\/wachsen und ob sie irgendwelche spannenden besonderen F\u00e4higkeiten haben. Wir benutzen Lupen und Ferngl\u00e4ser, bl\u00e4ttern in B\u00fcchern und probieren einige n\u00fctzliche Apps aus, um herauszufinden, was wir gefunden haben, wenn es m\u00f6glich ist. Inspiriert von dem, was wir finden, k\u00f6nnen wir auch mit nat\u00fcrlichen Materialien kreieren und Spiele spielen. W\u00e4hrend des Bioblitzes des Festivals gibt es auch die M\u00f6glichkeit, am Kinderkampf teilzunehmen.    <br\/><br\/><strong>Sara Antell<\/strong><br\/>Ich bin in der Gro\u00dfstadt aufgewachsen, habe aber fr\u00fch verstanden, dass ich meine Dosis Wald und Meer bekommen muss, um mich gut zu f\u00fchlen. Ich bin ausgebildete Biologin und habe auch P\u00e4dagogik studiert, mit Forschung und Forschungskommunikation gearbeitet und bin seit mehr als zehn Jahren als P\u00e4dagogin an der Naturschule in Knivsta t\u00e4tig. In meiner Freizeit packe ich gerne meinen Rucksack mit einer Kaffee-Thermoskanne und ein paar belegten Br\u00f6tchen und gehe wandern, ich m\u00f6chte neue interessante Orte entdecken, am liebsten zusammen mit anderen. Mit zunehmendem Alter bin ich ein echter Vereinsfuchs geworden, unter anderem bin ich Vorsitzender eines Vereins, der eine ehemalige Kinderkolonie in der Gemeinde Knivsta \u2013 Eda l\u00e4gerg\u00e5rd \u2013 betreibt und verwaltet. Dazu beizutragen, dass mehr Menschen, nicht zuletzt Kinder und Jugendliche, die M\u00f6glichkeit haben, an unserer fantastischen schwedischen Natur teilzuhaben, ist meine treibende Kraft.    <\/p>\n\n<h2 class=\"wp-block-heading\">Aussteller<\/h2>\n\n<figure class=\"wp-block-image size-large\"><img loading=\"lazy\" decoding=\"async\" width=\"1024\" height=\"516\" src=\"https:\/\/skyddaskogen.se\/wp-content\/uploads\/2023\/04\/undereken-1024x516.png\" alt=\"\" class=\"wp-image-66612\" srcset=\"https:\/\/skyddaskogen.se\/wp-content\/uploads\/2023\/04\/undereken-1024x516.png 1024w, https:\/\/skyddaskogen.se\/wp-content\/uploads\/2023\/04\/undereken-300x151.png 300w, https:\/\/skyddaskogen.se\/wp-content\/uploads\/2023\/04\/undereken-768x387.png 768w, https:\/\/skyddaskogen.se\/wp-content\/uploads\/2023\/04\/undereken-370x186.png 370w, https:\/\/skyddaskogen.se\/wp-content\/uploads\/2023\/04\/undereken-840x423.png 840w, https:\/\/skyddaskogen.se\/wp-content\/uploads\/2023\/04\/undereken-410x206.png 410w, https:\/\/skyddaskogen.se\/wp-content\/uploads\/2023\/04\/undereken.png 1438w\" sizes=\"(max-width: 1024px) 100vw, 1024px\" \/><figcaption class=\"wp-element-caption\">Fotograf: Maja Lindstr\u00f6m Kling<\/figcaption><\/figure>\n\n<p><strong>Unter der Eiche<\/strong> &#8211; Verkauf von Saatgut f\u00fcr den Waldgarten<\/p>\n\n<p>Under the oak hat ein vielf\u00e4ltiges Sortiment an nat\u00fcrlich gewachsenem Saatgut f\u00fcr Waldg\u00e4rten und den Anbau von mehrj\u00e4hrigem Gem\u00fcse.<\/p>\n\n<p>Kaufen Sie Saatgut und treffen Sie die Ausstellerin und Waldgartengestalterin Hanna J\u00f6nsson w\u00e4hrend des Waldfestes!<\/p>\n\n<p>Vorstellung des Ausstellers:<\/p>\n\n<p>Durch Tore von Buchenw\u00e4ldern und Lichtungen im Fels schlich sich meine Kindheit durch die sch\u00f6nen Dinge und das magische Licht der Natur. Im Garten meiner Mutter lernten meine H\u00e4nde die Bl\u00e4tter und St\u00e4ngel, die Erde und den Samen kennen. Hinter dem Schulhof habe ich meine ersten heimlichen Schneegl\u00f6ckchen gepflanzt und im Wald habe ich meine ersten G\u00e4rten f\u00fcr M\u00e4use und Trolle angelegt.  <\/p>\n\n<p>Ich wurde Floristin und meine H\u00e4nde wurden in Farbe und Verg\u00e4nglichkeit geschaffen. Ich wollte die Welt sehen und verstehen, und mein Wunsch, eine sch\u00f6nere Welt f\u00fcr mehr Menschen zu schaffen, f\u00fchrte mich zur Wiederverwendung von Design und zur Beteiligung an Schulen zum Thema Essen und Klima. Aber ich wollte mehr verstehen, verstehen, wie alles zusammenh\u00e4ngt. Das Klima, die Nahrung, der Boden. Der Waldgarten wurde mein neuer Freund und heute ist er der Ort, an dem ich die Antworten finde, die Fragen stelle und die Inspiration bekomme. Bei R\u00f6nns\u00e5ker und Under the oak erschaffe ich den Garten meiner Tr\u00e4ume und was die Zukunft meiner Tr\u00e4ume ist. An der Holma Folk High School und im ganzen Land halte ich Vortr\u00e4ge und inspiriere zum Design essbarer Stauden. Ich hoffe, ich kann dich auch inspirieren und hei\u00dfe dich herzlich willkommen, mich zu kontaktieren, wenn du m\u00f6chtest, dass ich bei dir zu Hause entwerfe!       <\/p>\n\n<p>Webseite: <a href=\"http:\/\/www.undereken.se\">www.undereken.se<\/a><\/p>\n\n<figure class=\"wp-block-image size-large\"><img loading=\"lazy\" decoding=\"async\" width=\"1024\" height=\"768\" src=\"https:\/\/skyddaskogen.se\/wp-content\/uploads\/2023\/04\/jenny-1024x768.jpeg\" alt=\"\" class=\"wp-image-66618\" srcset=\"https:\/\/skyddaskogen.se\/wp-content\/uploads\/2023\/04\/jenny-1024x768.jpeg 1024w, https:\/\/skyddaskogen.se\/wp-content\/uploads\/2023\/04\/jenny-300x225.jpeg 300w, https:\/\/skyddaskogen.se\/wp-content\/uploads\/2023\/04\/jenny-768x576.jpeg 768w, https:\/\/skyddaskogen.se\/wp-content\/uploads\/2023\/04\/jenny-1536x1152.jpeg 1536w, https:\/\/skyddaskogen.se\/wp-content\/uploads\/2023\/04\/jenny-2048x1536.jpeg 2048w, https:\/\/skyddaskogen.se\/wp-content\/uploads\/2023\/04\/jenny-370x278.jpeg 370w, https:\/\/skyddaskogen.se\/wp-content\/uploads\/2023\/04\/jenny-840x630.jpeg 840w, https:\/\/skyddaskogen.se\/wp-content\/uploads\/2023\/04\/jenny-410x308.jpeg 410w\" sizes=\"(max-width: 1024px) 100vw, 1024px\" \/><figcaption class=\"wp-element-caption\">Jenny Bjarnar &#8211; Ordfront<\/figcaption><\/figure>\n\n<p><strong>Der Ordfront<\/strong> Verlag ist ein unabh\u00e4ngiger Buchverlag, den es seit mehr als 50 Jahren gibt. Wir publizieren gesellschaftliche Debatten, Geschichte, Kulturgeschichte, Handb\u00fccher und hochwertige Belletristik und stehen in einer libert\u00e4ren, gesellschaftskritischen und popul\u00e4rp\u00e4dagogischen Tradition. Zu Ordfront geh\u00f6rt auch Galago, das Comics f\u00fcr Erwachsene ver\u00f6ffentlicht.  <\/p>\n\n<p>Vor Ort beim Waldfest ist Jenny Bjarna, Verlegerin beim Ordfront Verlag, die auch in ihrer Freizeit in Haddebo lebt.<br\/><br\/>Webseite: <a href=\"https:\/\/ordfrontforlag.se\/\">ordfrontforlag.se<\/a><\/p>\n\n<figure class=\"wp-block-image size-large is-resized\"><img loading=\"lazy\" decoding=\"async\" width=\"768\" height=\"1024\" src=\"https:\/\/skyddaskogen.se\/wp-content\/uploads\/2023\/04\/img-2808-768x1024.jpg\" alt=\"\" class=\"wp-image-66652\" style=\"width:870px;height:auto\" srcset=\"https:\/\/skyddaskogen.se\/wp-content\/uploads\/2023\/04\/img-2808-768x1024.jpg 768w, https:\/\/skyddaskogen.se\/wp-content\/uploads\/2023\/04\/img-2808-225x300.jpg 225w, https:\/\/skyddaskogen.se\/wp-content\/uploads\/2023\/04\/img-2808-1152x1536.jpg 1152w, https:\/\/skyddaskogen.se\/wp-content\/uploads\/2023\/04\/img-2808-1536x2048.jpg 1536w, https:\/\/skyddaskogen.se\/wp-content\/uploads\/2023\/04\/img-2808-370x493.jpg 370w, https:\/\/skyddaskogen.se\/wp-content\/uploads\/2023\/04\/img-2808-840x1120.jpg 840w, https:\/\/skyddaskogen.se\/wp-content\/uploads\/2023\/04\/img-2808-410x547.jpg 410w, https:\/\/skyddaskogen.se\/wp-content\/uploads\/2023\/04\/img-2808-scaled.jpg 1920w\" sizes=\"(max-width: 768px) 100vw, 768px\" \/><figcaption class=\"wp-element-caption\">Christer Sandberg &#8211; Schwedische Pomologische Gesellschaft<\/figcaption><\/figure>\n\n<p><strong>Christer Sandberg<\/strong> von der Schwedischen Pomologischen Gesellschaft ist Aussteller auf dem Waldfestival<br\/><br\/>Mein Name ist Christer Sandberg und ich bin seit 9 Jahren im Ruhestand. Ich bin seit meinem 14. Lebensjahr Imker und baue Gem\u00fcse f\u00fcr den Haushalt an. Ein weiteres gro\u00dfes Interesse sind \u00c4pfel, wo ich seit 8 Jahren Vorsitzender der Schwedischen Pomologischen Gesellschaft bin. Im Moment erstelle ich zusammen mit dem G\u00e4rtner Mats Andersson, F\u00e5gelvik, einen Testanbau von 9 verschiedenen g\u00e4ngigen schwedischen Apfelsorten auf 8 verschiedenen Unterlagen (Wurzeln) mit 5 B\u00e4umen jeder Sorte. Normalerweise sitze ich auch da und helfe den Leuten zu sehen, welche Art von \u00c4pfeln sie in ihrem Garten haben. Ich helfe bei der Pflege eines Villengartens nach Carl Str\u00f6mberg, in dem es etwa hundert Apfelb\u00e4ume gibt, von denen mehrere mehr als eine Sorte eingepfropft haben. Normalerweise halte ich Kurse im Beschneiden und Pfropfen.      <br\/><\/p>\n\n<figure class=\"wp-block-image size-large\"><img loading=\"lazy\" decoding=\"async\" width=\"1024\" height=\"575\" src=\"https:\/\/skyddaskogen.se\/wp-content\/uploads\/2024\/05\/sjutjarnarna-banderoll-foto-asa-herrgard-1-1024x575.jpg\" alt=\"\" class=\"wp-image-35887\" srcset=\"https:\/\/skyddaskogen.se\/wp-content\/uploads\/2024\/05\/sjutjarnarna-banderoll-foto-asa-herrgard-1-1024x575.jpg 1024w, https:\/\/skyddaskogen.se\/wp-content\/uploads\/2024\/05\/sjutjarnarna-banderoll-foto-asa-herrgard-1-300x169.jpg 300w, https:\/\/skyddaskogen.se\/wp-content\/uploads\/2024\/05\/sjutjarnarna-banderoll-foto-asa-herrgard-1-768x431.jpg 768w, https:\/\/skyddaskogen.se\/wp-content\/uploads\/2024\/05\/sjutjarnarna-banderoll-foto-asa-herrgard-1-370x208.jpg 370w, https:\/\/skyddaskogen.se\/wp-content\/uploads\/2024\/05\/sjutjarnarna-banderoll-foto-asa-herrgard-1-840x472.jpg 840w, https:\/\/skyddaskogen.se\/wp-content\/uploads\/2024\/05\/sjutjarnarna-banderoll-foto-asa-herrgard-1-410x230.jpg 410w, https:\/\/skyddaskogen.se\/wp-content\/uploads\/2024\/05\/sjutjarnarna-banderoll-foto-asa-herrgard-1-270x152.jpg 270w, https:\/\/skyddaskogen.se\/wp-content\/uploads\/2024\/05\/sjutjarnarna-banderoll-foto-asa-herrgard-1.jpg 1200w\" sizes=\"(max-width: 1024px) 100vw, 1024px\" \/><\/figure>\n\n<p><strong>Protect the Forest Association<\/strong><br\/>Wir sind eine gemeinn\u00fctzige Umweltorganisation mit dem Schwerpunkt Wald. Wir setzen uns f\u00fcr Biodiversit\u00e4t und Klima sowie f\u00fcr eine Reform der Forstwirtschaft hin zu einer \u00f6kosystembasierten Mehrfachnutzung innerhalb der Grenzen des Planeten ein.<\/p>\n\n<p>Unser Engagement ist sowohl international, national, regional als auch lokal. Durch die Verbreitung von Informationen, \u00f6ffentliche Aufkl\u00e4rung, Interessenvertretung und Debatte heben wir die biologische Vielfalt und die Klimavorteile der W\u00e4lder hervor und betonen, wie wichtig es ist, die W\u00e4lder klimasicher zu machen und sie vor Ausbeutung und Ersch\u00f6pfung zu sch\u00fctzen.<\/p>\n\n<p>Wir sch\u00fctzen das Recht auf Zugang der \u00d6ffentlichkeit und setzen uns f\u00fcr die Rechte der Samen ein.  <br\/><br\/>Kommen Sie zum Infotisch von Protect the Forest und sprechen Sie w\u00e4hrend des Waldfestes mit engagierten Mitgliedern und Vorstandsmitgliedern!<\/p>\n\n<figure class=\"wp-block-image size-large is-resized\"><img loading=\"lazy\" decoding=\"async\" width=\"683\" height=\"1024\" src=\"https:\/\/skyddaskogen.se\/wp-content\/uploads\/2023\/04\/ankierauseus-foto-mariaeremo-683x1024.jpg\" alt=\"\" class=\"wp-image-66519\" style=\"width:870px;height:auto\" srcset=\"https:\/\/skyddaskogen.se\/wp-content\/uploads\/2023\/04\/ankierauseus-foto-mariaeremo-683x1024.jpg 683w, https:\/\/skyddaskogen.se\/wp-content\/uploads\/2023\/04\/ankierauseus-foto-mariaeremo-200x300.jpg 200w, https:\/\/skyddaskogen.se\/wp-content\/uploads\/2023\/04\/ankierauseus-foto-mariaeremo-768x1152.jpg 768w, https:\/\/skyddaskogen.se\/wp-content\/uploads\/2023\/04\/ankierauseus-foto-mariaeremo-1024x1536.jpg 1024w, https:\/\/skyddaskogen.se\/wp-content\/uploads\/2023\/04\/ankierauseus-foto-mariaeremo-1366x2048.jpg 1366w, https:\/\/skyddaskogen.se\/wp-content\/uploads\/2023\/04\/ankierauseus-foto-mariaeremo-370x555.jpg 370w, https:\/\/skyddaskogen.se\/wp-content\/uploads\/2023\/04\/ankierauseus-foto-mariaeremo-840x1260.jpg 840w, https:\/\/skyddaskogen.se\/wp-content\/uploads\/2023\/04\/ankierauseus-foto-mariaeremo-410x615.jpg 410w, https:\/\/skyddaskogen.se\/wp-content\/uploads\/2023\/04\/ankierauseus-foto-mariaeremo-scaled.jpg 1707w\" sizes=\"(max-width: 683px) 100vw, 683px\" \/><figcaption class=\"wp-element-caption\">Ankie Raus\u00e9us, Gesch\u00e4ftsf\u00fchrerin Hopajola<\/figcaption><\/figure>\n\n<p><strong>Hopajola<\/strong> ist eine einzigartige gemeinn\u00fctzige Naturschutzorganisation f\u00fcr den Landkreis \u00d6rebro. Der Verein wurde 1994 gegr\u00fcndet und sammelt Geld f\u00fcr den Schutz und die Pflege der biologisch wertvollen Natur im Landkreis. Hopajola bietet auch Naturtouren an und arbeitet mit anderen lokalen\/regionalen Organisationen zusammen, um die fantastische Natur und die sch\u00fctzenswerten Arten des Landes zu zeigen.  <br\/><br\/>Kommen Sie und treffen Sie Vertreter von Hopajola auf dem Waldfest!<br\/><br\/>Lesen Sie mehr \u00fcber <a href=\"http:\/\/www.hopajola.se\/\">www.hopajola.se<\/a><\/p>\n\n<p><\/p>\n","protected":false},"excerpt":{"rendered":"<p>AUSVERKAUFT Das Waldfest findet vom 18. bis 20. Juli statt Das Waldfest ist ein inspirierender Treffpunkt f\u00fcr Waldfreunde, Waldgartenfreunde und Umweltengagierte. Das Festival ist der gr\u00f6\u00dfte Treffpunkt f\u00fcr Waldliebhaber in&hellip;<\/p>\n","protected":false},"author":14,"featured_media":32704,"comment_status":"closed","ping_status":"closed","sticky":false,"template":"","format":"standard","meta":{"give_campaign_id":0,"_price":"","_stock":"","_tribe_ticket_header":"","_tribe_default_ticket_provider":"","_tribe_ticket_capacity":"","_ticket_start_date":"","_ticket_end_date":"","_tribe_ticket_show_description":"","_tribe_ticket_show_not_going":false,"_tribe_ticket_use_global_stock":"","_tribe_ticket_global_stock_level":"","_global_stock_mode":"","_global_stock_cap":"","_tribe_rsvp_for_event":"","_tribe_ticket_going_count":"","_tribe_ticket_not_going_count":"","_tribe_tickets_list":"[]","_tribe_ticket_has_attendee_info_fields":false,"footnotes":""},"categories":[1488,148,147],"tags":[],"class_list":["post-68024","post","type-post","status-publish","format-standard","has-post-thumbnail","hentry","category-aktivitaten","category-waldnachrichten","category-die-verein"],"yoast_head":"<!-- This site is optimized with the Yoast SEO plugin v27.4 - https:\/\/yoast.com\/product\/yoast-seo-wordpress\/ -->\n<title>Das Waldfest 2025 - Eine Manifestation f\u00fcr den Wald! - Sch\u00fczt den wald<\/title>\n<meta name=\"robots\" content=\"index, follow, max-snippet:-1, max-image-preview:large, max-video-preview:-1\" \/>\n<link rel=\"canonical\" href=\"https:\/\/skyddaskogen.se\/de\/das-waldfest-2025-eine-manifestation-fur-den-wald\/\" \/>\n<meta property=\"og:locale\" content=\"de_DE\" \/>\n<meta property=\"og:type\" content=\"article\" \/>\n<meta property=\"og:title\" content=\"Das Waldfest 2025 - Eine Manifestation f\u00fcr den Wald! - Sch\u00fczt den wald\" \/>\n<meta property=\"og:description\" content=\"AUSVERKAUFT Das Waldfest findet vom 18. bis 20. Juli statt Das Waldfest ist ein inspirierender Treffpunkt f\u00fcr Waldfreunde, Waldgartenfreunde und Umweltengagierte. Das Festival ist der gr\u00f6\u00dfte Treffpunkt f\u00fcr Waldliebhaber in&hellip;\" \/>\n<meta property=\"og:url\" content=\"https:\/\/skyddaskogen.se\/de\/das-waldfest-2025-eine-manifestation-fur-den-wald\/\" \/>\n<meta property=\"og:site_name\" content=\"Sch\u00fczt den wald\" \/>\n<meta property=\"article:publisher\" content=\"https:\/\/www.facebook.com\/groups\/54996954022\/\" \/>\n<meta property=\"article:published_time\" content=\"2023-04-23T15:51:00+00:00\" \/>\n<meta property=\"article:modified_time\" content=\"2025-11-12T22:57:36+00:00\" \/>\n<meta property=\"og:image\" content=\"https:\/\/skyddaskogen.se\/wp-content\/uploads\/2023\/04\/img-5953-scaled.jpg\" \/>\n\t<meta property=\"og:image:width\" content=\"2560\" \/>\n\t<meta property=\"og:image:height\" content=\"1707\" \/>\n\t<meta property=\"og:image:type\" content=\"image\/jpeg\" \/>\n<meta name=\"author\" content=\"Viktor S\u00e4fve\" \/>\n<meta name=\"twitter:card\" content=\"summary_large_image\" \/>\n<meta name=\"twitter:creator\" content=\"@skyddaskogen\" \/>\n<meta name=\"twitter:site\" content=\"@skyddaskogen\" \/>\n<meta name=\"twitter:label1\" content=\"Verfasst von\" \/>\n\t<meta name=\"twitter:data1\" content=\"Viktor S\u00e4fve\" \/>\n\t<meta name=\"twitter:label2\" content=\"Gesch\u00e4tzte Lesezeit\" \/>\n\t<meta name=\"twitter:data2\" content=\"25\u00a0Minuten\" \/>\n<script type=\"application\/ld+json\" class=\"yoast-schema-graph\">{\"@context\":\"https:\\\/\\\/schema.org\",\"@graph\":[{\"@type\":\"Article\",\"@id\":\"https:\\\/\\\/skyddaskogen.se\\\/de\\\/das-waldfest-2025-eine-manifestation-fur-den-wald\\\/#article\",\"isPartOf\":{\"@id\":\"https:\\\/\\\/skyddaskogen.se\\\/de\\\/das-waldfest-2025-eine-manifestation-fur-den-wald\\\/\"},\"author\":{\"name\":\"Viktor S\u00e4fve\",\"@id\":\"https:\\\/\\\/skyddaskogen.se\\\/#\\\/schema\\\/person\\\/f55732225000a6f568fd8d56081136b4\"},\"headline\":\"Das Waldfest 2025 &#8211; Eine Manifestation f\u00fcr den Wald!\",\"datePublished\":\"2023-04-23T15:51:00+00:00\",\"dateModified\":\"2025-11-12T22:57:36+00:00\",\"mainEntityOfPage\":{\"@id\":\"https:\\\/\\\/skyddaskogen.se\\\/de\\\/das-waldfest-2025-eine-manifestation-fur-den-wald\\\/\"},\"wordCount\":4509,\"publisher\":{\"@id\":\"https:\\\/\\\/skyddaskogen.se\\\/#organization\"},\"image\":{\"@id\":\"https:\\\/\\\/skyddaskogen.se\\\/de\\\/das-waldfest-2025-eine-manifestation-fur-den-wald\\\/#primaryimage\"},\"thumbnailUrl\":\"https:\\\/\\\/skyddaskogen.se\\\/wp-content\\\/uploads\\\/2023\\\/04\\\/img-5953-scaled.jpg\",\"articleSection\":[\"Aktivit\u00e4ten\",\"Nachrichten\",\"Verbands-News\"],\"inLanguage\":\"de\"},{\"@type\":\"WebPage\",\"@id\":\"https:\\\/\\\/skyddaskogen.se\\\/de\\\/das-waldfest-2025-eine-manifestation-fur-den-wald\\\/\",\"url\":\"https:\\\/\\\/skyddaskogen.se\\\/de\\\/das-waldfest-2025-eine-manifestation-fur-den-wald\\\/\",\"name\":\"Das Waldfest 2025 - Eine Manifestation f\u00fcr den Wald! - Sch\u00fczt den wald\",\"isPartOf\":{\"@id\":\"https:\\\/\\\/skyddaskogen.se\\\/#website\"},\"primaryImageOfPage\":{\"@id\":\"https:\\\/\\\/skyddaskogen.se\\\/de\\\/das-waldfest-2025-eine-manifestation-fur-den-wald\\\/#primaryimage\"},\"image\":{\"@id\":\"https:\\\/\\\/skyddaskogen.se\\\/de\\\/das-waldfest-2025-eine-manifestation-fur-den-wald\\\/#primaryimage\"},\"thumbnailUrl\":\"https:\\\/\\\/skyddaskogen.se\\\/wp-content\\\/uploads\\\/2023\\\/04\\\/img-5953-scaled.jpg\",\"datePublished\":\"2023-04-23T15:51:00+00:00\",\"dateModified\":\"2025-11-12T22:57:36+00:00\",\"breadcrumb\":{\"@id\":\"https:\\\/\\\/skyddaskogen.se\\\/de\\\/das-waldfest-2025-eine-manifestation-fur-den-wald\\\/#breadcrumb\"},\"inLanguage\":\"de\",\"potentialAction\":[{\"@type\":\"ReadAction\",\"target\":[\"https:\\\/\\\/skyddaskogen.se\\\/de\\\/das-waldfest-2025-eine-manifestation-fur-den-wald\\\/\"]}]},{\"@type\":\"ImageObject\",\"inLanguage\":\"de\",\"@id\":\"https:\\\/\\\/skyddaskogen.se\\\/de\\\/das-waldfest-2025-eine-manifestation-fur-den-wald\\\/#primaryimage\",\"url\":\"https:\\\/\\\/skyddaskogen.se\\\/wp-content\\\/uploads\\\/2023\\\/04\\\/img-5953-scaled.jpg\",\"contentUrl\":\"https:\\\/\\\/skyddaskogen.se\\\/wp-content\\\/uploads\\\/2023\\\/04\\\/img-5953-scaled.jpg\",\"width\":2560,\"height\":1707,\"caption\":\"Waldfest 2023\"},{\"@type\":\"BreadcrumbList\",\"@id\":\"https:\\\/\\\/skyddaskogen.se\\\/de\\\/das-waldfest-2025-eine-manifestation-fur-den-wald\\\/#breadcrumb\",\"itemListElement\":[{\"@type\":\"ListItem\",\"position\":1,\"name\":\"Home\",\"item\":\"https:\\\/\\\/skyddaskogen.se\\\/de\\\/schutzen-sie-den-wald\\\/\"},{\"@type\":\"ListItem\",\"position\":2,\"name\":\"Das Waldfest 2025 &#8211; Eine Manifestation f\u00fcr den Wald!\"}]},{\"@type\":\"WebSite\",\"@id\":\"https:\\\/\\\/skyddaskogen.se\\\/#website\",\"url\":\"https:\\\/\\\/skyddaskogen.se\\\/\",\"name\":\"Skydda Skogen\",\"description\":\"Zum Schutz alter W\u00e4lder und nat\u00fcrlicher Bauernh\u00f6fe\",\"publisher\":{\"@id\":\"https:\\\/\\\/skyddaskogen.se\\\/#organization\"},\"potentialAction\":[{\"@type\":\"SearchAction\",\"target\":{\"@type\":\"EntryPoint\",\"urlTemplate\":\"https:\\\/\\\/skyddaskogen.se\\\/?s={search_term_string}\"},\"query-input\":{\"@type\":\"PropertyValueSpecification\",\"valueRequired\":true,\"valueName\":\"search_term_string\"}}],\"inLanguage\":\"de\"},{\"@type\":\"Organization\",\"@id\":\"https:\\\/\\\/skyddaskogen.se\\\/#organization\",\"name\":\"Skydda Skogen\",\"url\":\"https:\\\/\\\/skyddaskogen.se\\\/\",\"logo\":{\"@type\":\"ImageObject\",\"inLanguage\":\"de\",\"@id\":\"https:\\\/\\\/skyddaskogen.se\\\/#\\\/schema\\\/logo\\\/image\\\/\",\"url\":\"https:\\\/\\\/skyddaskogen.se\\\/wp-content\\\/uploads\\\/2020\\\/09\\\/skyddaskogen.se_favicon-1.png\",\"contentUrl\":\"https:\\\/\\\/skyddaskogen.se\\\/wp-content\\\/uploads\\\/2020\\\/09\\\/skyddaskogen.se_favicon-1.png\",\"width\":256,\"height\":256,\"caption\":\"Skydda Skogen\"},\"image\":{\"@id\":\"https:\\\/\\\/skyddaskogen.se\\\/#\\\/schema\\\/logo\\\/image\\\/\"},\"sameAs\":[\"https:\\\/\\\/www.facebook.com\\\/groups\\\/54996954022\\\/\",\"https:\\\/\\\/x.com\\\/skyddaskogen\",\"https:\\\/\\\/www.instagram.com\\\/skyddaskogen\\\/\",\"https:\\\/\\\/www.youtube.com\\\/channel\\\/UCHJVIc9sptUj-qPek3Imitw\"]},{\"@type\":\"Person\",\"@id\":\"https:\\\/\\\/skyddaskogen.se\\\/#\\\/schema\\\/person\\\/f55732225000a6f568fd8d56081136b4\",\"name\":\"Viktor S\u00e4fve\",\"image\":{\"@type\":\"ImageObject\",\"inLanguage\":\"de\",\"@id\":\"https:\\\/\\\/skyddaskogen.se\\\/wp-content\\\/uploads\\\/2024\\\/05\\\/about-logo-120x120.png\",\"url\":\"https:\\\/\\\/skyddaskogen.se\\\/wp-content\\\/uploads\\\/2024\\\/05\\\/about-logo-120x120.png\",\"contentUrl\":\"https:\\\/\\\/skyddaskogen.se\\\/wp-content\\\/uploads\\\/2024\\\/05\\\/about-logo-120x120.png\",\"caption\":\"Viktor S\u00e4fve\"},\"url\":\"https:\\\/\\\/skyddaskogen.se\\\/de\\\/author\\\/viktor\\\/\"}]}<\/script>\n<!-- \/ Yoast SEO plugin. -->","yoast_head_json":{"title":"Das Waldfest 2025 - Eine Manifestation f\u00fcr den Wald! - Sch\u00fczt den wald","robots":{"index":"index","follow":"follow","max-snippet":"max-snippet:-1","max-image-preview":"max-image-preview:large","max-video-preview":"max-video-preview:-1"},"canonical":"https:\/\/skyddaskogen.se\/de\/das-waldfest-2025-eine-manifestation-fur-den-wald\/","og_locale":"de_DE","og_type":"article","og_title":"Das Waldfest 2025 - Eine Manifestation f\u00fcr den Wald! - Sch\u00fczt den wald","og_description":"AUSVERKAUFT Das Waldfest findet vom 18. bis 20. Juli statt Das Waldfest ist ein inspirierender Treffpunkt f\u00fcr Waldfreunde, Waldgartenfreunde und Umweltengagierte. Das Festival ist der gr\u00f6\u00dfte Treffpunkt f\u00fcr Waldliebhaber in&hellip;","og_url":"https:\/\/skyddaskogen.se\/de\/das-waldfest-2025-eine-manifestation-fur-den-wald\/","og_site_name":"Sch\u00fczt den wald","article_publisher":"https:\/\/www.facebook.com\/groups\/54996954022\/","article_published_time":"2023-04-23T15:51:00+00:00","article_modified_time":"2025-11-12T22:57:36+00:00","og_image":[{"width":2560,"height":1707,"url":"https:\/\/skyddaskogen.se\/wp-content\/uploads\/2023\/04\/img-5953-scaled.jpg","type":"image\/jpeg"}],"author":"Viktor S\u00e4fve","twitter_card":"summary_large_image","twitter_creator":"@skyddaskogen","twitter_site":"@skyddaskogen","twitter_misc":{"Verfasst von":"Viktor S\u00e4fve","Gesch\u00e4tzte Lesezeit":"25\u00a0Minuten"},"schema":{"@context":"https:\/\/schema.org","@graph":[{"@type":"Article","@id":"https:\/\/skyddaskogen.se\/de\/das-waldfest-2025-eine-manifestation-fur-den-wald\/#article","isPartOf":{"@id":"https:\/\/skyddaskogen.se\/de\/das-waldfest-2025-eine-manifestation-fur-den-wald\/"},"author":{"name":"Viktor S\u00e4fve","@id":"https:\/\/skyddaskogen.se\/#\/schema\/person\/f55732225000a6f568fd8d56081136b4"},"headline":"Das Waldfest 2025 &#8211; Eine Manifestation f\u00fcr den Wald!","datePublished":"2023-04-23T15:51:00+00:00","dateModified":"2025-11-12T22:57:36+00:00","mainEntityOfPage":{"@id":"https:\/\/skyddaskogen.se\/de\/das-waldfest-2025-eine-manifestation-fur-den-wald\/"},"wordCount":4509,"publisher":{"@id":"https:\/\/skyddaskogen.se\/#organization"},"image":{"@id":"https:\/\/skyddaskogen.se\/de\/das-waldfest-2025-eine-manifestation-fur-den-wald\/#primaryimage"},"thumbnailUrl":"https:\/\/skyddaskogen.se\/wp-content\/uploads\/2023\/04\/img-5953-scaled.jpg","articleSection":["Aktivit\u00e4ten","Nachrichten","Verbands-News"],"inLanguage":"de"},{"@type":"WebPage","@id":"https:\/\/skyddaskogen.se\/de\/das-waldfest-2025-eine-manifestation-fur-den-wald\/","url":"https:\/\/skyddaskogen.se\/de\/das-waldfest-2025-eine-manifestation-fur-den-wald\/","name":"Das Waldfest 2025 - Eine Manifestation f\u00fcr den Wald! - Sch\u00fczt den wald","isPartOf":{"@id":"https:\/\/skyddaskogen.se\/#website"},"primaryImageOfPage":{"@id":"https:\/\/skyddaskogen.se\/de\/das-waldfest-2025-eine-manifestation-fur-den-wald\/#primaryimage"},"image":{"@id":"https:\/\/skyddaskogen.se\/de\/das-waldfest-2025-eine-manifestation-fur-den-wald\/#primaryimage"},"thumbnailUrl":"https:\/\/skyddaskogen.se\/wp-content\/uploads\/2023\/04\/img-5953-scaled.jpg","datePublished":"2023-04-23T15:51:00+00:00","dateModified":"2025-11-12T22:57:36+00:00","breadcrumb":{"@id":"https:\/\/skyddaskogen.se\/de\/das-waldfest-2025-eine-manifestation-fur-den-wald\/#breadcrumb"},"inLanguage":"de","potentialAction":[{"@type":"ReadAction","target":["https:\/\/skyddaskogen.se\/de\/das-waldfest-2025-eine-manifestation-fur-den-wald\/"]}]},{"@type":"ImageObject","inLanguage":"de","@id":"https:\/\/skyddaskogen.se\/de\/das-waldfest-2025-eine-manifestation-fur-den-wald\/#primaryimage","url":"https:\/\/skyddaskogen.se\/wp-content\/uploads\/2023\/04\/img-5953-scaled.jpg","contentUrl":"https:\/\/skyddaskogen.se\/wp-content\/uploads\/2023\/04\/img-5953-scaled.jpg","width":2560,"height":1707,"caption":"Waldfest 2023"},{"@type":"BreadcrumbList","@id":"https:\/\/skyddaskogen.se\/de\/das-waldfest-2025-eine-manifestation-fur-den-wald\/#breadcrumb","itemListElement":[{"@type":"ListItem","position":1,"name":"Home","item":"https:\/\/skyddaskogen.se\/de\/schutzen-sie-den-wald\/"},{"@type":"ListItem","position":2,"name":"Das Waldfest 2025 &#8211; Eine Manifestation f\u00fcr den Wald!"}]},{"@type":"WebSite","@id":"https:\/\/skyddaskogen.se\/#website","url":"https:\/\/skyddaskogen.se\/","name":"Skydda Skogen","description":"Zum Schutz alter W\u00e4lder und nat\u00fcrlicher Bauernh\u00f6fe","publisher":{"@id":"https:\/\/skyddaskogen.se\/#organization"},"potentialAction":[{"@type":"SearchAction","target":{"@type":"EntryPoint","urlTemplate":"https:\/\/skyddaskogen.se\/?s={search_term_string}"},"query-input":{"@type":"PropertyValueSpecification","valueRequired":true,"valueName":"search_term_string"}}],"inLanguage":"de"},{"@type":"Organization","@id":"https:\/\/skyddaskogen.se\/#organization","name":"Skydda Skogen","url":"https:\/\/skyddaskogen.se\/","logo":{"@type":"ImageObject","inLanguage":"de","@id":"https:\/\/skyddaskogen.se\/#\/schema\/logo\/image\/","url":"https:\/\/skyddaskogen.se\/wp-content\/uploads\/2020\/09\/skyddaskogen.se_favicon-1.png","contentUrl":"https:\/\/skyddaskogen.se\/wp-content\/uploads\/2020\/09\/skyddaskogen.se_favicon-1.png","width":256,"height":256,"caption":"Skydda Skogen"},"image":{"@id":"https:\/\/skyddaskogen.se\/#\/schema\/logo\/image\/"},"sameAs":["https:\/\/www.facebook.com\/groups\/54996954022\/","https:\/\/x.com\/skyddaskogen","https:\/\/www.instagram.com\/skyddaskogen\/","https:\/\/www.youtube.com\/channel\/UCHJVIc9sptUj-qPek3Imitw"]},{"@type":"Person","@id":"https:\/\/skyddaskogen.se\/#\/schema\/person\/f55732225000a6f568fd8d56081136b4","name":"Viktor S\u00e4fve","image":{"@type":"ImageObject","inLanguage":"de","@id":"https:\/\/skyddaskogen.se\/wp-content\/uploads\/2024\/05\/about-logo-120x120.png","url":"https:\/\/skyddaskogen.se\/wp-content\/uploads\/2024\/05\/about-logo-120x120.png","contentUrl":"https:\/\/skyddaskogen.se\/wp-content\/uploads\/2024\/05\/about-logo-120x120.png","caption":"Viktor S\u00e4fve"},"url":"https:\/\/skyddaskogen.se\/de\/author\/viktor\/"}]}},"_links":{"self":[{"href":"https:\/\/skyddaskogen.se\/de\/wp-json\/wp\/v2\/posts\/68024","targetHints":{"allow":["GET"]}}],"collection":[{"href":"https:\/\/skyddaskogen.se\/de\/wp-json\/wp\/v2\/posts"}],"about":[{"href":"https:\/\/skyddaskogen.se\/de\/wp-json\/wp\/v2\/types\/post"}],"author":[{"embeddable":true,"href":"https:\/\/skyddaskogen.se\/de\/wp-json\/wp\/v2\/users\/14"}],"replies":[{"embeddable":true,"href":"https:\/\/skyddaskogen.se\/de\/wp-json\/wp\/v2\/comments?post=68024"}],"version-history":[{"count":3,"href":"https:\/\/skyddaskogen.se\/de\/wp-json\/wp\/v2\/posts\/68024\/revisions"}],"predecessor-version":[{"id":68034,"href":"https:\/\/skyddaskogen.se\/de\/wp-json\/wp\/v2\/posts\/68024\/revisions\/68034"}],"wp:featuredmedia":[{"embeddable":true,"href":"https:\/\/skyddaskogen.se\/de\/wp-json\/wp\/v2\/media\/32704"}],"wp:attachment":[{"href":"https:\/\/skyddaskogen.se\/de\/wp-json\/wp\/v2\/media?parent=68024"}],"wp:term":[{"taxonomy":"category","embeddable":true,"href":"https:\/\/skyddaskogen.se\/de\/wp-json\/wp\/v2\/categories?post=68024"},{"taxonomy":"post_tag","embeddable":true,"href":"https:\/\/skyddaskogen.se\/de\/wp-json\/wp\/v2\/tags?post=68024"}],"curies":[{"name":"wp","href":"https:\/\/api.w.org\/{rel}","templated":true}]}}