{"id":68110,"date":"2025-09-12T23:46:00","date_gmt":"2025-09-12T21:46:00","guid":{"rendered":"https:\/\/skyddaskogen.se\/die-walduntersuchung-will-die-krise-im-wald-verschaerfen\/"},"modified":"2025-11-12T23:50:45","modified_gmt":"2025-11-12T22:50:45","slug":"die-walduntersuchung-will-die-krise-im-wald-verschaerfen","status":"publish","type":"post","link":"https:\/\/skyddaskogen.se\/de\/die-walduntersuchung-will-die-krise-im-wald-verschaerfen\/","title":{"rendered":"Die Walduntersuchung will die Krise im Wald versch\u00e4rfen"},"content":{"rendered":"\n<figure class=\"wp-block-image size-large\"><img fetchpriority=\"high\" decoding=\"async\" width=\"1024\" height=\"768\" src=\"https:\/\/skyddaskogen.se\/wp-content\/uploads\/2023\/04\/avverkning-k-back-1024x768.jpg\" alt=\"\" class=\"wp-image-32775\" srcset=\"https:\/\/skyddaskogen.se\/wp-content\/uploads\/2023\/04\/avverkning-k-back-1024x768.jpg 1024w, https:\/\/skyddaskogen.se\/wp-content\/uploads\/2023\/04\/avverkning-k-back-300x225.jpg 300w, https:\/\/skyddaskogen.se\/wp-content\/uploads\/2023\/04\/avverkning-k-back-768x576.jpg 768w, https:\/\/skyddaskogen.se\/wp-content\/uploads\/2023\/04\/avverkning-k-back-1536x1152.jpg 1536w, https:\/\/skyddaskogen.se\/wp-content\/uploads\/2023\/04\/avverkning-k-back-570x428.jpg 570w, https:\/\/skyddaskogen.se\/wp-content\/uploads\/2023\/04\/avverkning-k-back-380x285.jpg 380w, https:\/\/skyddaskogen.se\/wp-content\/uploads\/2023\/04\/avverkning-k-back-285x214.jpg 285w, https:\/\/skyddaskogen.se\/wp-content\/uploads\/2023\/04\/avverkning-k-back.jpg 2048w\" sizes=\"(max-width: 1024px) 100vw, 1024px\" \/><\/figure>\n\n<p><strong>Der Vorschlag der Forstuntersuchung steht im Widerspruch zu den Warnungen unserer<br\/>Sachverst\u00e4ndigenbeh\u00f6rden, die schwedische Umweltschutzbeh\u00f6rde und die schwedische Forstbeh\u00f6rde \u00fcber die Krise<br\/>Artenvielfalt im Wald und ignorieren unsere internationale<br\/>Verpflichtungen zum Naturschutz. Stattdessen klammert sich der Ermittler an<br\/>Veraltete Methoden, die den heutigen Anforderungen nicht gerecht werden. Der Weg in die Zukunft liegt vor<br\/>intensivierter Baumanbau mit D\u00fcngung, mit hohen Risiken<br\/>Klimaver\u00e4nderung. Stattdessen brauchen wir eine naturnahe Forstwirtschaft mit<br\/>Widerstandsf\u00e4higkeit gegen\u00fcber St\u00fcrmen, D\u00fcrren, Br\u00e4nden und Krankheiten<br\/>Schutz der verbleibenden ungesch\u00fctzten Naturw\u00e4lder gem\u00e4\u00df der<br\/>Anforderungen <a href=\"https:\/\/www.swedishforestvision.org\/\">der Swedish Forest Vision<\/a>.   <\/strong><\/p>\n\n<p>Wenn die Vorschl\u00e4ge umgesetzt werden, werden sie zu einer Verringerung der Vielfalt unserer<br\/>Die W\u00e4lder verarmen \u2013 im Klartext ist das ein Todesurteil f\u00fcr unsere Umweltziele<br\/>und f\u00fcr das unsch\u00e4tzbare Naturerbe im Wald. Sie \u00f6ffnen sich sogar f\u00fcr<br\/>Verw\u00fcstung in unseren bestehenden Naturschutzgebieten. Sie wollen auch<br\/>Berechnungsmethoden f\u00fcr die Kohlenstoffbindung sollten so eingerichtet werden, dass die Industrie<br\/>in der Lage sein, nach Belieben weiter zu hacken. Die gesamte forstliche Untersuchung ist als<br\/>Anti-Natur-Einreichung und eine Auftragsarbeit von<br\/>die Forstindustrie, die die Regierung bei der Ernte nicht einmal zu verbergen versucht hat<br\/>Ermittler direkt aus der Forstindustrie. Im Laufe seiner Karriere hat er<br\/>einseitig die Interessen der Industrie vertreten.    <\/p>\n\n<p>Ein weiterer schwerwiegender Aspekt ist der Versuch der Untersuchung, von der<br\/>wissenschaftliche Bewertungen und Sachverst\u00e4ndigenbeh\u00f6rden, wenn Schweden<br\/>Bericht \u00fcber den Zustand der Umwelt. Wir haben diese Verachtung f\u00fcr die Wissenschaft oft gesehen<br\/>Die Regierung bedient sich der j\u00fcngsten Vergangenheit. In j\u00fcngster Zeit, als sie <g id=\"gid_0\">Erzwungen<br\/>dass<\/g> die schwedische Umweltschutzbeh\u00f6rde von einem wissenschaftlich fundierten Referenzwert abr\u00fccken sollte<br\/>auf der Grundlage des Berichts an die EU \u00fcber Trends und<br\/>den Zustand von Arten und Lebensr\u00e4umen. Das ist ein erschreckendes Zeichen f\u00fcr<br\/>eine wissenschaftsfeindliche und undemokratische gesellschaftliche Entwicklung.   <\/p>\n\n<figure class=\"wp-block-image size-full\"><img decoding=\"async\" width=\"429\" height=\"186\" src=\"https:\/\/skyddaskogen.se\/wp-content\/uploads\/2025\/03\/image-3.png\" alt=\"\" class=\"wp-image-65555\" srcset=\"https:\/\/skyddaskogen.se\/wp-content\/uploads\/2025\/03\/image-3.png 429w, https:\/\/skyddaskogen.se\/wp-content\/uploads\/2025\/03\/image-3-300x130.png 300w, https:\/\/skyddaskogen.se\/wp-content\/uploads\/2025\/03\/image-3-370x160.png 370w, https:\/\/skyddaskogen.se\/wp-content\/uploads\/2025\/03\/image-3-410x178.png 410w\" sizes=\"(max-width: 600px) 100vw, 429px\" \/><\/figure>\n\n<p><\/p>\n","protected":false},"excerpt":{"rendered":"<p>Der Vorschlag der Forstuntersuchung steht im Widerspruch zu den Warnungen unsererSachverst\u00e4ndigenbeh\u00f6rden, die schwedische Umweltschutzbeh\u00f6rde und die schwedische Forstbeh\u00f6rde \u00fcber die KriseArtenvielfalt im Wald und ignorieren unsere internationaleVerpflichtungen zum Naturschutz. Stattdessen&hellip;<\/p>\n","protected":false},"author":18,"featured_media":32777,"comment_status":"closed","ping_status":"closed","sticky":false,"template":"","format":"standard","meta":{"give_campaign_id":0,"_price":"","_stock":"","_tribe_ticket_header":"","_tribe_default_ticket_provider":"","_tribe_ticket_capacity":"","_ticket_start_date":"","_ticket_end_date":"","_tribe_ticket_show_description":"","_tribe_ticket_show_not_going":false,"_tribe_ticket_use_global_stock":"","_tribe_ticket_global_stock_level":"","_global_stock_mode":"","_global_stock_cap":"","_tribe_rsvp_for_event":"","_tribe_ticket_going_count":"","_tribe_ticket_not_going_count":"","_tribe_tickets_list":"[]","_tribe_ticket_has_attendee_info_fields":false,"footnotes":""},"categories":[1487,148],"tags":[1493],"class_list":["post-68110","post","type-post","status-publish","format-standard","has-post-thumbnail","hentry","category-klima-und-wald","category-waldnachrichten","tag-biodiversitat"],"yoast_head":"<!-- This site is optimized with the Yoast SEO plugin v27.4 - https:\/\/yoast.com\/product\/yoast-seo-wordpress\/ -->\n<title>Die Walduntersuchung will die Krise im Wald versch\u00e4rfen - Sch\u00fczt den wald<\/title>\n<meta name=\"description\" content=\"Die Walduntersuchung will die Krise im Wald versch\u00e4rfen und widerspricht damit den Warnungen unserer Fachbeh\u00f6rden vor einer Krise der Artenvielfalt im Wald.\" \/>\n<meta name=\"robots\" content=\"index, follow, max-snippet:-1, max-image-preview:large, max-video-preview:-1\" \/>\n<link rel=\"canonical\" href=\"https:\/\/skyddaskogen.se\/de\/die-walduntersuchung-will-die-krise-im-wald-verschaerfen\/\" \/>\n<meta property=\"og:locale\" content=\"de_DE\" \/>\n<meta property=\"og:type\" content=\"article\" \/>\n<meta property=\"og:title\" content=\"Die Walduntersuchung will die Krise im Wald versch\u00e4rfen - Sch\u00fczt den wald\" \/>\n<meta property=\"og:description\" content=\"Die Walduntersuchung will die Krise im Wald versch\u00e4rfen und widerspricht damit den Warnungen unserer Fachbeh\u00f6rden vor einer Krise der Artenvielfalt im Wald.\" \/>\n<meta property=\"og:url\" content=\"https:\/\/skyddaskogen.se\/de\/die-walduntersuchung-will-die-krise-im-wald-verschaerfen\/\" \/>\n<meta property=\"og:site_name\" content=\"Sch\u00fczt den wald\" \/>\n<meta property=\"article:publisher\" content=\"https:\/\/www.facebook.com\/groups\/54996954022\/\" \/>\n<meta property=\"article:published_time\" content=\"2025-09-12T21:46:00+00:00\" \/>\n<meta property=\"article:modified_time\" content=\"2025-11-12T22:50:45+00:00\" \/>\n<meta property=\"og:image\" content=\"https:\/\/skyddaskogen.se\/wp-content\/uploads\/2023\/04\/avverkning-k-back.jpg\" \/>\n\t<meta property=\"og:image:width\" content=\"2048\" \/>\n\t<meta property=\"og:image:height\" content=\"1536\" \/>\n\t<meta property=\"og:image:type\" content=\"image\/jpeg\" \/>\n<meta name=\"author\" content=\"Skydda Skogen\" \/>\n<meta name=\"twitter:card\" content=\"summary_large_image\" \/>\n<meta name=\"twitter:creator\" content=\"@skyddaskogen\" \/>\n<meta name=\"twitter:site\" content=\"@skyddaskogen\" \/>\n<meta name=\"twitter:label1\" content=\"Verfasst von\" \/>\n\t<meta name=\"twitter:data1\" content=\"Skydda Skogen\" \/>\n\t<meta name=\"twitter:label2\" content=\"Gesch\u00e4tzte Lesezeit\" \/>\n\t<meta name=\"twitter:data2\" content=\"2\u00a0Minuten\" \/>\n<script type=\"application\/ld+json\" class=\"yoast-schema-graph\">{\"@context\":\"https:\\\/\\\/schema.org\",\"@graph\":[{\"@type\":\"Article\",\"@id\":\"https:\\\/\\\/skyddaskogen.se\\\/de\\\/die-walduntersuchung-will-die-krise-im-wald-verschaerfen\\\/#article\",\"isPartOf\":{\"@id\":\"https:\\\/\\\/skyddaskogen.se\\\/de\\\/die-walduntersuchung-will-die-krise-im-wald-verschaerfen\\\/\"},\"author\":{\"name\":\"Skydda Skogen\",\"@id\":\"https:\\\/\\\/skyddaskogen.se\\\/#\\\/schema\\\/person\\\/c906e5755914ea734af3b481781fd87d\"},\"headline\":\"Die Walduntersuchung will die Krise im Wald versch\u00e4rfen\",\"datePublished\":\"2025-09-12T21:46:00+00:00\",\"dateModified\":\"2025-11-12T22:50:45+00:00\",\"mainEntityOfPage\":{\"@id\":\"https:\\\/\\\/skyddaskogen.se\\\/de\\\/die-walduntersuchung-will-die-krise-im-wald-verschaerfen\\\/\"},\"wordCount\":294,\"publisher\":{\"@id\":\"https:\\\/\\\/skyddaskogen.se\\\/#organization\"},\"image\":{\"@id\":\"https:\\\/\\\/skyddaskogen.se\\\/de\\\/die-walduntersuchung-will-die-krise-im-wald-verschaerfen\\\/#primaryimage\"},\"thumbnailUrl\":\"https:\\\/\\\/skyddaskogen.se\\\/wp-content\\\/uploads\\\/2023\\\/04\\\/avverkning-k-back.jpg\",\"keywords\":[\"Biodiversit\u00e4t\"],\"articleSection\":[\"Klima und Wald\",\"Nachrichten\"],\"inLanguage\":\"de\"},{\"@type\":\"WebPage\",\"@id\":\"https:\\\/\\\/skyddaskogen.se\\\/de\\\/die-walduntersuchung-will-die-krise-im-wald-verschaerfen\\\/\",\"url\":\"https:\\\/\\\/skyddaskogen.se\\\/de\\\/die-walduntersuchung-will-die-krise-im-wald-verschaerfen\\\/\",\"name\":\"Die Walduntersuchung will die Krise im Wald versch\u00e4rfen - Sch\u00fczt den wald\",\"isPartOf\":{\"@id\":\"https:\\\/\\\/skyddaskogen.se\\\/#website\"},\"primaryImageOfPage\":{\"@id\":\"https:\\\/\\\/skyddaskogen.se\\\/de\\\/die-walduntersuchung-will-die-krise-im-wald-verschaerfen\\\/#primaryimage\"},\"image\":{\"@id\":\"https:\\\/\\\/skyddaskogen.se\\\/de\\\/die-walduntersuchung-will-die-krise-im-wald-verschaerfen\\\/#primaryimage\"},\"thumbnailUrl\":\"https:\\\/\\\/skyddaskogen.se\\\/wp-content\\\/uploads\\\/2023\\\/04\\\/avverkning-k-back.jpg\",\"datePublished\":\"2025-09-12T21:46:00+00:00\",\"dateModified\":\"2025-11-12T22:50:45+00:00\",\"description\":\"Die Walduntersuchung will die Krise im Wald versch\u00e4rfen und widerspricht damit den Warnungen unserer Fachbeh\u00f6rden vor einer Krise der Artenvielfalt im Wald.\",\"breadcrumb\":{\"@id\":\"https:\\\/\\\/skyddaskogen.se\\\/de\\\/die-walduntersuchung-will-die-krise-im-wald-verschaerfen\\\/#breadcrumb\"},\"inLanguage\":\"de\",\"potentialAction\":[{\"@type\":\"ReadAction\",\"target\":[\"https:\\\/\\\/skyddaskogen.se\\\/de\\\/die-walduntersuchung-will-die-krise-im-wald-verschaerfen\\\/\"]}]},{\"@type\":\"ImageObject\",\"inLanguage\":\"de\",\"@id\":\"https:\\\/\\\/skyddaskogen.se\\\/de\\\/die-walduntersuchung-will-die-krise-im-wald-verschaerfen\\\/#primaryimage\",\"url\":\"https:\\\/\\\/skyddaskogen.se\\\/wp-content\\\/uploads\\\/2023\\\/04\\\/avverkning-k-back.jpg\",\"contentUrl\":\"https:\\\/\\\/skyddaskogen.se\\\/wp-content\\\/uploads\\\/2023\\\/04\\\/avverkning-k-back.jpg\",\"width\":2048,\"height\":1536},{\"@type\":\"BreadcrumbList\",\"@id\":\"https:\\\/\\\/skyddaskogen.se\\\/de\\\/die-walduntersuchung-will-die-krise-im-wald-verschaerfen\\\/#breadcrumb\",\"itemListElement\":[{\"@type\":\"ListItem\",\"position\":1,\"name\":\"Home\",\"item\":\"https:\\\/\\\/skyddaskogen.se\\\/de\\\/schutzen-sie-den-wald\\\/\"},{\"@type\":\"ListItem\",\"position\":2,\"name\":\"Die Walduntersuchung will die Krise im Wald versch\u00e4rfen\"}]},{\"@type\":\"WebSite\",\"@id\":\"https:\\\/\\\/skyddaskogen.se\\\/#website\",\"url\":\"https:\\\/\\\/skyddaskogen.se\\\/\",\"name\":\"Skydda Skogen\",\"description\":\"Zum Schutz alter W\u00e4lder und nat\u00fcrlicher Bauernh\u00f6fe\",\"publisher\":{\"@id\":\"https:\\\/\\\/skyddaskogen.se\\\/#organization\"},\"potentialAction\":[{\"@type\":\"SearchAction\",\"target\":{\"@type\":\"EntryPoint\",\"urlTemplate\":\"https:\\\/\\\/skyddaskogen.se\\\/?s={search_term_string}\"},\"query-input\":{\"@type\":\"PropertyValueSpecification\",\"valueRequired\":true,\"valueName\":\"search_term_string\"}}],\"inLanguage\":\"de\"},{\"@type\":\"Organization\",\"@id\":\"https:\\\/\\\/skyddaskogen.se\\\/#organization\",\"name\":\"Skydda Skogen\",\"url\":\"https:\\\/\\\/skyddaskogen.se\\\/\",\"logo\":{\"@type\":\"ImageObject\",\"inLanguage\":\"de\",\"@id\":\"https:\\\/\\\/skyddaskogen.se\\\/#\\\/schema\\\/logo\\\/image\\\/\",\"url\":\"https:\\\/\\\/skyddaskogen.se\\\/wp-content\\\/uploads\\\/2020\\\/09\\\/skyddaskogen.se_favicon-1.png\",\"contentUrl\":\"https:\\\/\\\/skyddaskogen.se\\\/wp-content\\\/uploads\\\/2020\\\/09\\\/skyddaskogen.se_favicon-1.png\",\"width\":256,\"height\":256,\"caption\":\"Skydda Skogen\"},\"image\":{\"@id\":\"https:\\\/\\\/skyddaskogen.se\\\/#\\\/schema\\\/logo\\\/image\\\/\"},\"sameAs\":[\"https:\\\/\\\/www.facebook.com\\\/groups\\\/54996954022\\\/\",\"https:\\\/\\\/x.com\\\/skyddaskogen\",\"https:\\\/\\\/www.instagram.com\\\/skyddaskogen\\\/\",\"https:\\\/\\\/www.youtube.com\\\/channel\\\/UCHJVIc9sptUj-qPek3Imitw\"]},{\"@type\":\"Person\",\"@id\":\"https:\\\/\\\/skyddaskogen.se\\\/#\\\/schema\\\/person\\\/c906e5755914ea734af3b481781fd87d\",\"name\":\"Skydda Skogen\",\"image\":{\"@type\":\"ImageObject\",\"inLanguage\":\"de\",\"@id\":\"https:\\\/\\\/skyddaskogen.se\\\/wp-content\\\/uploads\\\/2024\\\/05\\\/about-logo-120x120.png\",\"url\":\"https:\\\/\\\/skyddaskogen.se\\\/wp-content\\\/uploads\\\/2024\\\/05\\\/about-logo-120x120.png\",\"contentUrl\":\"https:\\\/\\\/skyddaskogen.se\\\/wp-content\\\/uploads\\\/2024\\\/05\\\/about-logo-120x120.png\",\"caption\":\"Skydda Skogen\"},\"url\":\"https:\\\/\\\/skyddaskogen.se\\\/de\\\/author\\\/amanda\\\/\"}]}<\/script>\n<!-- \/ Yoast SEO plugin. -->","yoast_head_json":{"title":"Die Walduntersuchung will die Krise im Wald versch\u00e4rfen - Sch\u00fczt den wald","description":"Die Walduntersuchung will die Krise im Wald versch\u00e4rfen und widerspricht damit den Warnungen unserer Fachbeh\u00f6rden vor einer Krise der Artenvielfalt im Wald.","robots":{"index":"index","follow":"follow","max-snippet":"max-snippet:-1","max-image-preview":"max-image-preview:large","max-video-preview":"max-video-preview:-1"},"canonical":"https:\/\/skyddaskogen.se\/de\/die-walduntersuchung-will-die-krise-im-wald-verschaerfen\/","og_locale":"de_DE","og_type":"article","og_title":"Die Walduntersuchung will die Krise im Wald versch\u00e4rfen - Sch\u00fczt den wald","og_description":"Die Walduntersuchung will die Krise im Wald versch\u00e4rfen und widerspricht damit den Warnungen unserer Fachbeh\u00f6rden vor einer Krise der Artenvielfalt im Wald.","og_url":"https:\/\/skyddaskogen.se\/de\/die-walduntersuchung-will-die-krise-im-wald-verschaerfen\/","og_site_name":"Sch\u00fczt den wald","article_publisher":"https:\/\/www.facebook.com\/groups\/54996954022\/","article_published_time":"2025-09-12T21:46:00+00:00","article_modified_time":"2025-11-12T22:50:45+00:00","og_image":[{"width":2048,"height":1536,"url":"https:\/\/skyddaskogen.se\/wp-content\/uploads\/2023\/04\/avverkning-k-back.jpg","type":"image\/jpeg"}],"author":"Skydda Skogen","twitter_card":"summary_large_image","twitter_creator":"@skyddaskogen","twitter_site":"@skyddaskogen","twitter_misc":{"Verfasst von":"Skydda Skogen","Gesch\u00e4tzte Lesezeit":"2\u00a0Minuten"},"schema":{"@context":"https:\/\/schema.org","@graph":[{"@type":"Article","@id":"https:\/\/skyddaskogen.se\/de\/die-walduntersuchung-will-die-krise-im-wald-verschaerfen\/#article","isPartOf":{"@id":"https:\/\/skyddaskogen.se\/de\/die-walduntersuchung-will-die-krise-im-wald-verschaerfen\/"},"author":{"name":"Skydda Skogen","@id":"https:\/\/skyddaskogen.se\/#\/schema\/person\/c906e5755914ea734af3b481781fd87d"},"headline":"Die Walduntersuchung will die Krise im Wald versch\u00e4rfen","datePublished":"2025-09-12T21:46:00+00:00","dateModified":"2025-11-12T22:50:45+00:00","mainEntityOfPage":{"@id":"https:\/\/skyddaskogen.se\/de\/die-walduntersuchung-will-die-krise-im-wald-verschaerfen\/"},"wordCount":294,"publisher":{"@id":"https:\/\/skyddaskogen.se\/#organization"},"image":{"@id":"https:\/\/skyddaskogen.se\/de\/die-walduntersuchung-will-die-krise-im-wald-verschaerfen\/#primaryimage"},"thumbnailUrl":"https:\/\/skyddaskogen.se\/wp-content\/uploads\/2023\/04\/avverkning-k-back.jpg","keywords":["Biodiversit\u00e4t"],"articleSection":["Klima und Wald","Nachrichten"],"inLanguage":"de"},{"@type":"WebPage","@id":"https:\/\/skyddaskogen.se\/de\/die-walduntersuchung-will-die-krise-im-wald-verschaerfen\/","url":"https:\/\/skyddaskogen.se\/de\/die-walduntersuchung-will-die-krise-im-wald-verschaerfen\/","name":"Die Walduntersuchung will die Krise im Wald versch\u00e4rfen - Sch\u00fczt den wald","isPartOf":{"@id":"https:\/\/skyddaskogen.se\/#website"},"primaryImageOfPage":{"@id":"https:\/\/skyddaskogen.se\/de\/die-walduntersuchung-will-die-krise-im-wald-verschaerfen\/#primaryimage"},"image":{"@id":"https:\/\/skyddaskogen.se\/de\/die-walduntersuchung-will-die-krise-im-wald-verschaerfen\/#primaryimage"},"thumbnailUrl":"https:\/\/skyddaskogen.se\/wp-content\/uploads\/2023\/04\/avverkning-k-back.jpg","datePublished":"2025-09-12T21:46:00+00:00","dateModified":"2025-11-12T22:50:45+00:00","description":"Die Walduntersuchung will die Krise im Wald versch\u00e4rfen und widerspricht damit den Warnungen unserer Fachbeh\u00f6rden vor einer Krise der Artenvielfalt im Wald.","breadcrumb":{"@id":"https:\/\/skyddaskogen.se\/de\/die-walduntersuchung-will-die-krise-im-wald-verschaerfen\/#breadcrumb"},"inLanguage":"de","potentialAction":[{"@type":"ReadAction","target":["https:\/\/skyddaskogen.se\/de\/die-walduntersuchung-will-die-krise-im-wald-verschaerfen\/"]}]},{"@type":"ImageObject","inLanguage":"de","@id":"https:\/\/skyddaskogen.se\/de\/die-walduntersuchung-will-die-krise-im-wald-verschaerfen\/#primaryimage","url":"https:\/\/skyddaskogen.se\/wp-content\/uploads\/2023\/04\/avverkning-k-back.jpg","contentUrl":"https:\/\/skyddaskogen.se\/wp-content\/uploads\/2023\/04\/avverkning-k-back.jpg","width":2048,"height":1536},{"@type":"BreadcrumbList","@id":"https:\/\/skyddaskogen.se\/de\/die-walduntersuchung-will-die-krise-im-wald-verschaerfen\/#breadcrumb","itemListElement":[{"@type":"ListItem","position":1,"name":"Home","item":"https:\/\/skyddaskogen.se\/de\/schutzen-sie-den-wald\/"},{"@type":"ListItem","position":2,"name":"Die Walduntersuchung will die Krise im Wald versch\u00e4rfen"}]},{"@type":"WebSite","@id":"https:\/\/skyddaskogen.se\/#website","url":"https:\/\/skyddaskogen.se\/","name":"Skydda Skogen","description":"Zum Schutz alter W\u00e4lder und nat\u00fcrlicher Bauernh\u00f6fe","publisher":{"@id":"https:\/\/skyddaskogen.se\/#organization"},"potentialAction":[{"@type":"SearchAction","target":{"@type":"EntryPoint","urlTemplate":"https:\/\/skyddaskogen.se\/?s={search_term_string}"},"query-input":{"@type":"PropertyValueSpecification","valueRequired":true,"valueName":"search_term_string"}}],"inLanguage":"de"},{"@type":"Organization","@id":"https:\/\/skyddaskogen.se\/#organization","name":"Skydda Skogen","url":"https:\/\/skyddaskogen.se\/","logo":{"@type":"ImageObject","inLanguage":"de","@id":"https:\/\/skyddaskogen.se\/#\/schema\/logo\/image\/","url":"https:\/\/skyddaskogen.se\/wp-content\/uploads\/2020\/09\/skyddaskogen.se_favicon-1.png","contentUrl":"https:\/\/skyddaskogen.se\/wp-content\/uploads\/2020\/09\/skyddaskogen.se_favicon-1.png","width":256,"height":256,"caption":"Skydda Skogen"},"image":{"@id":"https:\/\/skyddaskogen.se\/#\/schema\/logo\/image\/"},"sameAs":["https:\/\/www.facebook.com\/groups\/54996954022\/","https:\/\/x.com\/skyddaskogen","https:\/\/www.instagram.com\/skyddaskogen\/","https:\/\/www.youtube.com\/channel\/UCHJVIc9sptUj-qPek3Imitw"]},{"@type":"Person","@id":"https:\/\/skyddaskogen.se\/#\/schema\/person\/c906e5755914ea734af3b481781fd87d","name":"Skydda Skogen","image":{"@type":"ImageObject","inLanguage":"de","@id":"https:\/\/skyddaskogen.se\/wp-content\/uploads\/2024\/05\/about-logo-120x120.png","url":"https:\/\/skyddaskogen.se\/wp-content\/uploads\/2024\/05\/about-logo-120x120.png","contentUrl":"https:\/\/skyddaskogen.se\/wp-content\/uploads\/2024\/05\/about-logo-120x120.png","caption":"Skydda Skogen"},"url":"https:\/\/skyddaskogen.se\/de\/author\/amanda\/"}]}},"_links":{"self":[{"href":"https:\/\/skyddaskogen.se\/de\/wp-json\/wp\/v2\/posts\/68110","targetHints":{"allow":["GET"]}}],"collection":[{"href":"https:\/\/skyddaskogen.se\/de\/wp-json\/wp\/v2\/posts"}],"about":[{"href":"https:\/\/skyddaskogen.se\/de\/wp-json\/wp\/v2\/types\/post"}],"author":[{"embeddable":true,"href":"https:\/\/skyddaskogen.se\/de\/wp-json\/wp\/v2\/users\/18"}],"replies":[{"embeddable":true,"href":"https:\/\/skyddaskogen.se\/de\/wp-json\/wp\/v2\/comments?post=68110"}],"version-history":[{"count":1,"href":"https:\/\/skyddaskogen.se\/de\/wp-json\/wp\/v2\/posts\/68110\/revisions"}],"predecessor-version":[{"id":68114,"href":"https:\/\/skyddaskogen.se\/de\/wp-json\/wp\/v2\/posts\/68110\/revisions\/68114"}],"wp:featuredmedia":[{"embeddable":true,"href":"https:\/\/skyddaskogen.se\/de\/wp-json\/wp\/v2\/media\/32777"}],"wp:attachment":[{"href":"https:\/\/skyddaskogen.se\/de\/wp-json\/wp\/v2\/media?parent=68110"}],"wp:term":[{"taxonomy":"category","embeddable":true,"href":"https:\/\/skyddaskogen.se\/de\/wp-json\/wp\/v2\/categories?post=68110"},{"taxonomy":"post_tag","embeddable":true,"href":"https:\/\/skyddaskogen.se\/de\/wp-json\/wp\/v2\/tags?post=68110"}],"curies":[{"name":"wp","href":"https:\/\/api.w.org\/{rel}","templated":true}]}}