{"id":68169,"date":"2025-04-10T11:00:00","date_gmt":"2025-04-10T09:00:00","guid":{"rendered":"https:\/\/skyddaskogen.se\/die-forschungsreise-in-die-wildnis-des-naturschutzes-woche-30-juli-2025-bjurholm-vaesterbotten-county-und-korpilombolo-norrbotten-county\/"},"modified":"2025-11-13T12:21:54","modified_gmt":"2025-11-13T11:21:54","slug":"die-forschungsreise-in-die-wildnis-des-naturschutzes-woche-30-juli-2025-bjurholm-vaesterbotten-county-und-korpilombolo-norrbotten-county","status":"publish","type":"post","link":"https:\/\/skyddaskogen.se\/de\/die-forschungsreise-in-die-wildnis-des-naturschutzes-woche-30-juli-2025-bjurholm-vaesterbotten-county-und-korpilombolo-norrbotten-county\/","title":{"rendered":"Die Forschungsreise in die Wildnis des Naturschutzes Woche 30, Juli 2025 Bjurholm, V\u00e4sterbotten County und Korpilombolo, Norrbotten County"},"content":{"rendered":"\n<p><strong>Interessensbekundungen f\u00fcr die Forschungsreise 2025 in den Randbereichen des Naturschutzes<br\/>Ge\u00f6ffnet! Bitte lesen Sie die Anmeldehinweise sorgf\u00e4ltig durch. <\/strong><\/p>\n\n<p>Vom 21. bis 26. Juli werden wir uns an zwei verschiedenen Orten des Landes versammeln, um zwei wunderbare<br\/>Ausfl\u00fcge: Angsj\u00f6ns Camping in Bjurholm und Tre S\u00e5gar in Korpilombolo. An jedem<br\/>Unterkunft Wir haben Zugang zu Verpflegung, Unterkunft und Tagungsraum. Die Anzahl der Pl\u00e4tze ist auf ca.<br\/>40\u201345 Stk.  <\/p>\n\n<h3 class=\"wp-block-heading\">Anweisungen<\/h3>\n\n<p>Erst heute, Donnerstag, 10. April, zwischen 07.00 und 22.00 Uhr, findet<br\/>M\u00f6glichkeit, ihre Interessenbekundung einzureichen. Danach werden die Pl\u00e4tze verlost. Bekanntmachung von<br\/>Standort oder nicht, wird in der folgenden Woche per E-Mail benachrichtigt. Auch Pl\u00e4tze f\u00fcr<br\/>Die Reserveliste wird per Los gezogen. Sie k\u00f6nnen sich nur f\u00fcr eine der Reisen anmelden. Es gibt eine<br\/>Name auf beiden Fahrten, wird die Person automatisch gel\u00f6scht.      <\/p>\n\n<p><br\/><br\/>Die Anmeldung zur Forschungsreise 2025 ist geschlossen. Eine Anmeldung zu den Fahrten ist nicht mehr m\u00f6glich (gilt auch f\u00fcr die Reserveliste). <\/p>\n\n<h3 class=\"wp-block-heading\">Worum geht es?<\/h3>\n\n<p>Die Idee ist, dass wir als Teilnehmer eine Woche lang eine Bestandsaufnahme von Interessantem und Bedrohtem machen<br\/>Waldumgebungen mit hohem Naturschutzwert. Das gesammelte Wissen tr\u00e4gt dazu bei, die<br\/>die Chancen, die besuchten W\u00e4lder zu sch\u00fctzen und den Teilnehmern neues Wissen zu vermitteln<br\/>\u00fcber die Bewertung des Naturwerts zum Schutz der W\u00e4lder im eigenen Land. Alles geschieht w\u00e4hrend angenehmer<br\/>Formen, in denen alle voneinander lernen. Die Abende werden damit verbracht, sich alle Artenfunde anzusehen, die gemacht wurden<br\/>w\u00e4hrend des Tages, Zusammenstellung der gesammelten Daten, Berichterstattung an Artportalen und<br\/>Eine einzige Vorlesung zur Vertiefung. Erwarten Sie, Freunde f\u00fcrs Leben zu finden!    <\/p>\n\n<h3 class=\"wp-block-heading\">Wer kann teilnehmen?<\/h3>\n\n<p>Jeder, der raus in den Wald kommt. Man muss kein Biologe sein oder sich mit vielen Dingen auskennen<br\/>Spezies. Es ist jedoch gut, wenn Sie leidenschaftlich neugierig sind und den Wunsch haben, gef\u00e4hrdete Menschen zu sch\u00fctzen<br\/>W\u00e4lder. Es wird eine Anpassung an Ihre Erfahrungen und Ihre F\u00e4higkeit vorgenommen, voranzukommen<br\/>Wald. Wer in aller Ruhe Bilanz ziehen m\u00f6chte, sollte dazu in der Lage sein. Ihre Augen werden<br\/>Entdecken Sie Dinge, die vielleicht noch niemand zuvor gesehen hat \u2013 Sie sind wichtig! Das Interesse an<br\/>Die Beteiligung ist in der Regel gro\u00df, daher sehen wir, dass diejenigen von euch, die sich anmelden, die ganze Woche \u00fcber teilnehmen.     <\/p>\n\n<h3 class=\"wp-block-heading\">Unterkunft &amp; Verpflegung<\/h3>\n\n<p>Wir wohnen in Mehrbettzimmern. Wenn Sie lieber campen m\u00f6chten, k\u00f6nnen Sie dies gerne in Verbindung mit der<br\/>zum Beherbergungsbetrieb. Das Essen ist vegetarisch und wird mit einem ausgiebigen Fr\u00fchst\u00fcck im<br\/>Morgens und ein Lunchpaket auf dem Feld. Abends essen wir danach gemeinsam zu Abend<br\/>R\u00fcckgabe. Jeder Beherbergungsbetrieb hat eine unterschiedliche Anordnung in Bezug auf Zimmer und<br\/>Fassungsverm\u00f6gen. Weitere Informationen erhalten Sie in einer E-Mail an die Teilnehmenden der Forschungsreise.     <\/p>\n\n<h3 class=\"wp-block-heading\">Reise Bjurholm<\/h3>\n\n<p><strong>Angsj\u00f6ns Camping<\/strong> in Bjurholm kann mit dem Zug von Stockholm nach Bjurholm erreicht werden.<br\/>Ume\u00e5 um 06:22 Uhr oder 09:22 Uhr am 21. Juli.<br\/>In Ume\u00e5 steigen Sie in den Bus 14 in Richtung Vilhelmina um. Steigen Sie in Balsj\u00f6\u00e5sen aus (Ankunft gegen 11:35 Uhr)<br\/>oder 17:50).<br\/>Von Balsj\u00f6\u00e5sen sind es ca. 6 km bis zum Angsj\u00f6ns Campingplatz, wo wir w\u00e4hrend der<br\/>Woche (Die Koordinierungsgruppe organisiert den Transport vom Bus).<br\/>Planen Sie Ihre Reise weit im Voraus! Wir bilden Fahrgemeinschaften, so gut wir k\u00f6nnen, weitere Informationen werden in einer E-Mail an gesendet<br\/>Die Teilnehmerinnen und Teilnehmer der Forschungsreise.   <\/p>\n\n<h3 class=\"wp-block-heading\">Reisen Korpilombolo<\/h3>\n\n<p>Sie erreichen Korpilombolo mit dem Nachtzug von Stockholm to Lule\u00e5, Abfahrt<br\/>18:09 oder 21:55 Uhr am Sonntag, 20.7.<br\/>In Lule\u00e5 steigen Sie in den Bus 55 in Richtung Pajala um und fahren um 12:00 oder 17:10 Uhr ab. Steig aus<br\/>Busbahnhof Korpilombolo (Ankunft um 14:45 oder 19:45).<br\/>Vom Busbahnhof sind es ca. 2 Minuten zu Fu\u00df zum Tre s\u00e5gar auf dem \u00d6verkalixv\u00e4gen<br\/>8, wo wir unter der Woche bleiben werden.<br\/>Planen Sie Ihre Reise weit im Voraus! Wir bilden Fahrgemeinschaften, so gut wir k\u00f6nnen, weitere Informationen werden in einer E-Mail an gesendet<br\/>Die Teilnehmerinnen und Teilnehmer der Forschungsreise.   <\/p>\n\n<h3 class=\"wp-block-heading\">Grober Zeitplan<\/h3>\n\n<p><strong>21. Juli<\/strong> \u2013 Anreisetag. Wir beginnen mit dem Abendessen um 18.00 Uhr, gefolgt von einer Einf\u00fchrung und<br\/>optionale Abendaktivit\u00e4ten. Kommen Sie rechtzeitig an, um eine Unterkunft zu finden.  <\/p>\n\n<p><strong>22. Juli<\/strong> \u2013 Kalibrierung im Referenzwald und im Waldinventar. Kurztraining f\u00fcr alle, die<br\/>Noch nie inventarisierter Wald. <\/p>\n\n<p><strong>23.\u201324. Juli<\/strong> \u2013 Waldinventur, ganzt\u00e4gig.<\/p>\n\n<p><strong>26. Juli<\/strong> \u2013 Abreisetag mit Reinigung und gemeinsamem Fr\u00fchst\u00fcck am Morgen. Gelegenheit<br\/>um ein Lunchpaket f\u00fcr die Heimreise einzupacken. <\/p>\n\n<h3 class=\"wp-block-heading\">Teilnahmegeb\u00fchren und Bezahlung<\/h3>\n\n<div class=\"wp-block-columns is-layout-flex wp-container-core-columns-is-layout-9d6595d7 wp-block-columns-is-layout-flex\">\n<div class=\"wp-block-column is-layout-flow wp-block-column-is-layout-flow\" style=\"flex-basis:100%\">\n<figure class=\"wp-block-table\"><table class=\"has-fixed-layout\"><tbody><tr><td>Mitglied der Schwedischen Gesellschaft f\u00fcr Naturschutz OR Protect the Forest<\/td><td class=\"has-text-align-right\" data-align=\"right\">1000 kr<\/td><\/tr><tr><td>Mitglied der Schwedischen Gesellschaft f\u00fcr Naturschutz UND Schutz des Waldes<\/td><td class=\"has-text-align-right\" data-align=\"right\">800 kr<\/td><\/tr><tr><td>Kein Mitglied wie oben<\/td><td class=\"has-text-align-right\" data-align=\"right\">1200 kr<\/td><\/tr><\/tbody><\/table><\/figure>\n<\/div>\n<\/div>\n\n<ul class=\"wp-block-list\">\n<li><a href=\"https:\/\/www.naturskyddsforeningen.se\/stod-oss\/bli-arsmedlem\/\">Werden Sie Mitglied der Schwedischen Gesellschaft f\u00fcr Naturschutz<\/a><\/li>\n\n\n\n<li><a href=\"https:\/\/skyddaskogen.se\/engagera-dig\/bli-medlem\/\">Werden Sie Mitglied bei Protect the Forest<\/a><\/li>\n<\/ul>\n\n<p><\/p>\n\n<p>Die Teilnahmegeb\u00fchr zahlen Sie via plusgiro bei der Schwedischen Gesellschaft f\u00fcr Naturschutz in J\u00e4mtland.<br\/>H\u00e4rjedalen (gilt f\u00fcr beide Reisen) in Verbindung mit dem Erhalt einer Best\u00e4tigung Ihres Platzes<br\/>nach der Auslosung. Kennzeichnen Sie die Zahlung mit Ihrem Vor- und Nachnamen und &#8222;Bjurholm&#8220;<br\/>alternativ &#8222;Korpilombolo&#8220;. <\/p>\n\n<p><strong>Plusgiro<\/strong> 17 45 18-1.<\/p>\n\n<h3 class=\"wp-block-heading\">Koordination<\/h3>\n\n<p>Gut zu wissen ist, dass alle Arbeiten mit der Research Trip freiwillig und mit kleinen<br\/>Ressource. Aber wir freuen uns trotzdem:) Wenn Sie Fragen oder Bedenken haben, k\u00f6nnen Sie sich an die<br\/>an eine der beiden Koordinierungsgruppen: <\/p>\n\n<p>Bjurholm: <a href=\"mailto:forskningsresan.bjurholm@gmail.com\">forskningsresan.bjurholm@gmail.com<\/a><br\/>Korpilombolo: <a href=\"mailto:forskningsresan.korpilombolo@gmail.com\">forskningsresan.korpilombolo@gmail.com<\/a><\/p>\n\n<h3 class=\"wp-block-heading\">Kurze Hintergrundinformationen<\/h3>\n\n<p>Die Forschungsreise in die Wildnis des Naturschutzes ist eine j\u00e4hrliche Bestandsaufnahme der letzten<br\/>ungesch\u00fctzte Naturw\u00e4lder in Nordschweden. Manchmal geht die Reise auch nach Dalarna und<br\/>V\u00e4rmland. In der Regel nehmen etwa 45 Personen unterschiedlichen Alters, unterschiedlicher F\u00e4higkeiten und Hintergr\u00fcnde teil.<br\/>Artenkenntnisse sind keine Voraussetzung, aber wir lernen voneinander. Wichtig ist, dass<br\/>Die Forschungsreise ist ein Treffpunkt f\u00fcr Wald- und Naturbegeisterte, die<br\/>mit und dokumentieren gef\u00e4hrdete ungesch\u00fctzte Naturw\u00e4lder.   <\/p>\n\n<p>Mit der Forschungsreise wollen wir bedrohte W\u00e4lder retten, die Natur genie\u00dfen, Arten finden und<br\/>Forstunternehmen, Politiker und die \u00d6ffentlichkeit zu beeinflussen und herauszufordern,<br\/>Der Blick auf den Wald und die Forstwirtschaft. Wir wollen das Wissen \u00fcber Arten und \u00d6kologie erweitern. <\/p>\n\n<p>Der Natursch\u00fctzer, Waldaktivist und Enthusiast Anders Delin startete die Forschungsreise<br\/>1991 und mit Ausnahme der Pandemiejahre 2020 und 2021 ist die Reise<br\/>j\u00e4hrlich. Die Forschungsreise in der Wildnis des Naturschutzes 2024 ist eine Kooperation zwischen<br\/>Protect the Forest und die Schwedische Gesellschaft f\u00fcr Naturschutz. <\/p>\n\n<p><\/p>\n","protected":false},"excerpt":{"rendered":"<p>Interessensbekundungen f\u00fcr die Forschungsreise 2025 in den Randbereichen des NaturschutzesGe\u00f6ffnet! Bitte lesen Sie die Anmeldehinweise sorgf\u00e4ltig durch. Vom 21. bis 26. Juli werden wir uns an zwei verschiedenen Orten des&hellip;<\/p>\n","protected":false},"author":18,"featured_media":34939,"comment_status":"closed","ping_status":"closed","sticky":false,"template":"","format":"standard","meta":{"give_campaign_id":0,"_price":"","_stock":"","_tribe_ticket_header":"","_tribe_default_ticket_provider":"","_tribe_ticket_capacity":"","_ticket_start_date":"","_ticket_end_date":"","_tribe_ticket_show_description":"","_tribe_ticket_show_not_going":false,"_tribe_ticket_use_global_stock":"","_tribe_ticket_global_stock_level":"","_global_stock_mode":"","_global_stock_cap":"","_tribe_rsvp_for_event":"","_tribe_ticket_going_count":"","_tribe_ticket_not_going_count":"","_tribe_tickets_list":"[]","_tribe_ticket_has_attendee_info_fields":false,"footnotes":""},"categories":[1499,1498,1487,148,1475],"tags":[],"class_list":["post-68169","post","type-post","status-publish","format-standard","has-post-thumbnail","hentry","category-die-forschungsreise","category-gefahrdete-walder","category-klima-und-wald","category-waldnachrichten","category-wald-und-naturschutz"],"yoast_head":"<!-- This site is optimized with the Yoast SEO plugin v27.4 - https:\/\/yoast.com\/product\/yoast-seo-wordpress\/ -->\n<title>Die Forschungsreise in die Wildnis des Naturschutzes Woche 30, Juli 2025 Bjurholm, V\u00e4sterbotten County und Korpilombolo, Norrbotten County - Sch\u00fczt den wald<\/title>\n<meta name=\"robots\" content=\"index, follow, max-snippet:-1, max-image-preview:large, max-video-preview:-1\" \/>\n<link rel=\"canonical\" href=\"https:\/\/skyddaskogen.se\/de\/die-forschungsreise-in-die-wildnis-des-naturschutzes-woche-30-juli-2025-bjurholm-vaesterbotten-county-und-korpilombolo-norrbotten-county\/\" \/>\n<meta property=\"og:locale\" content=\"de_DE\" \/>\n<meta property=\"og:type\" content=\"article\" \/>\n<meta property=\"og:title\" content=\"Die Forschungsreise in die Wildnis des Naturschutzes Woche 30, Juli 2025 Bjurholm, V\u00e4sterbotten County und Korpilombolo, Norrbotten County - Sch\u00fczt den wald\" \/>\n<meta property=\"og:description\" content=\"Interessensbekundungen f\u00fcr die Forschungsreise 2025 in den Randbereichen des NaturschutzesGe\u00f6ffnet! Bitte lesen Sie die Anmeldehinweise sorgf\u00e4ltig durch. Vom 21. bis 26. Juli werden wir uns an zwei verschiedenen Orten des&hellip;\" \/>\n<meta property=\"og:url\" content=\"https:\/\/skyddaskogen.se\/de\/die-forschungsreise-in-die-wildnis-des-naturschutzes-woche-30-juli-2025-bjurholm-vaesterbotten-county-und-korpilombolo-norrbotten-county\/\" \/>\n<meta property=\"og:site_name\" content=\"Sch\u00fczt den wald\" \/>\n<meta property=\"article:publisher\" content=\"https:\/\/www.facebook.com\/groups\/54996954022\/\" \/>\n<meta property=\"article:published_time\" content=\"2025-04-10T09:00:00+00:00\" \/>\n<meta property=\"article:modified_time\" content=\"2025-11-13T11:21:54+00:00\" \/>\n<meta property=\"og:image\" content=\"https:\/\/skyddaskogen.se\/wp-content\/uploads\/2024\/04\/logga-forskningsresan-hog-1.jpg\" \/>\n\t<meta property=\"og:image:width\" content=\"2473\" \/>\n\t<meta property=\"og:image:height\" content=\"2465\" \/>\n\t<meta property=\"og:image:type\" content=\"image\/jpeg\" \/>\n<meta name=\"author\" content=\"Skydda Skogen\" \/>\n<meta name=\"twitter:card\" content=\"summary_large_image\" \/>\n<meta name=\"twitter:creator\" content=\"@skyddaskogen\" \/>\n<meta name=\"twitter:site\" content=\"@skyddaskogen\" \/>\n<meta name=\"twitter:label1\" content=\"Verfasst von\" \/>\n\t<meta name=\"twitter:data1\" content=\"Skydda Skogen\" \/>\n\t<meta name=\"twitter:label2\" content=\"Gesch\u00e4tzte Lesezeit\" \/>\n\t<meta name=\"twitter:data2\" content=\"5\u00a0Minuten\" \/>\n<script type=\"application\/ld+json\" class=\"yoast-schema-graph\">{\"@context\":\"https:\\\/\\\/schema.org\",\"@graph\":[{\"@type\":\"Article\",\"@id\":\"https:\\\/\\\/skyddaskogen.se\\\/de\\\/die-forschungsreise-in-die-wildnis-des-naturschutzes-woche-30-juli-2025-bjurholm-vaesterbotten-county-und-korpilombolo-norrbotten-county\\\/#article\",\"isPartOf\":{\"@id\":\"https:\\\/\\\/skyddaskogen.se\\\/de\\\/die-forschungsreise-in-die-wildnis-des-naturschutzes-woche-30-juli-2025-bjurholm-vaesterbotten-county-und-korpilombolo-norrbotten-county\\\/\"},\"author\":{\"name\":\"Skydda Skogen\",\"@id\":\"https:\\\/\\\/skyddaskogen.se\\\/#\\\/schema\\\/person\\\/c906e5755914ea734af3b481781fd87d\"},\"headline\":\"Die Forschungsreise in die Wildnis des Naturschutzes Woche 30, Juli 2025 Bjurholm, V\u00e4sterbotten County und Korpilombolo, Norrbotten County\",\"datePublished\":\"2025-04-10T09:00:00+00:00\",\"dateModified\":\"2025-11-13T11:21:54+00:00\",\"mainEntityOfPage\":{\"@id\":\"https:\\\/\\\/skyddaskogen.se\\\/de\\\/die-forschungsreise-in-die-wildnis-des-naturschutzes-woche-30-juli-2025-bjurholm-vaesterbotten-county-und-korpilombolo-norrbotten-county\\\/\"},\"wordCount\":1011,\"publisher\":{\"@id\":\"https:\\\/\\\/skyddaskogen.se\\\/#organization\"},\"image\":{\"@id\":\"https:\\\/\\\/skyddaskogen.se\\\/de\\\/die-forschungsreise-in-die-wildnis-des-naturschutzes-woche-30-juli-2025-bjurholm-vaesterbotten-county-und-korpilombolo-norrbotten-county\\\/#primaryimage\"},\"thumbnailUrl\":\"https:\\\/\\\/skyddaskogen.se\\\/wp-content\\\/uploads\\\/2024\\\/04\\\/logga-forskningsresan-hog-1.jpg\",\"articleSection\":[\"Die Forschungsreise\",\"Gef\u00e4hrdete W\u00e4lder\",\"Klima und Wald\",\"Nachrichten\",\"Wald- und Naturschutz\"],\"inLanguage\":\"de\"},{\"@type\":\"WebPage\",\"@id\":\"https:\\\/\\\/skyddaskogen.se\\\/de\\\/die-forschungsreise-in-die-wildnis-des-naturschutzes-woche-30-juli-2025-bjurholm-vaesterbotten-county-und-korpilombolo-norrbotten-county\\\/\",\"url\":\"https:\\\/\\\/skyddaskogen.se\\\/de\\\/die-forschungsreise-in-die-wildnis-des-naturschutzes-woche-30-juli-2025-bjurholm-vaesterbotten-county-und-korpilombolo-norrbotten-county\\\/\",\"name\":\"Die Forschungsreise in die Wildnis des Naturschutzes Woche 30, Juli 2025 Bjurholm, V\u00e4sterbotten County und Korpilombolo, Norrbotten County - Sch\u00fczt den wald\",\"isPartOf\":{\"@id\":\"https:\\\/\\\/skyddaskogen.se\\\/#website\"},\"primaryImageOfPage\":{\"@id\":\"https:\\\/\\\/skyddaskogen.se\\\/de\\\/die-forschungsreise-in-die-wildnis-des-naturschutzes-woche-30-juli-2025-bjurholm-vaesterbotten-county-und-korpilombolo-norrbotten-county\\\/#primaryimage\"},\"image\":{\"@id\":\"https:\\\/\\\/skyddaskogen.se\\\/de\\\/die-forschungsreise-in-die-wildnis-des-naturschutzes-woche-30-juli-2025-bjurholm-vaesterbotten-county-und-korpilombolo-norrbotten-county\\\/#primaryimage\"},\"thumbnailUrl\":\"https:\\\/\\\/skyddaskogen.se\\\/wp-content\\\/uploads\\\/2024\\\/04\\\/logga-forskningsresan-hog-1.jpg\",\"datePublished\":\"2025-04-10T09:00:00+00:00\",\"dateModified\":\"2025-11-13T11:21:54+00:00\",\"breadcrumb\":{\"@id\":\"https:\\\/\\\/skyddaskogen.se\\\/de\\\/die-forschungsreise-in-die-wildnis-des-naturschutzes-woche-30-juli-2025-bjurholm-vaesterbotten-county-und-korpilombolo-norrbotten-county\\\/#breadcrumb\"},\"inLanguage\":\"de\",\"potentialAction\":[{\"@type\":\"ReadAction\",\"target\":[\"https:\\\/\\\/skyddaskogen.se\\\/de\\\/die-forschungsreise-in-die-wildnis-des-naturschutzes-woche-30-juli-2025-bjurholm-vaesterbotten-county-und-korpilombolo-norrbotten-county\\\/\"]}]},{\"@type\":\"ImageObject\",\"inLanguage\":\"de\",\"@id\":\"https:\\\/\\\/skyddaskogen.se\\\/de\\\/die-forschungsreise-in-die-wildnis-des-naturschutzes-woche-30-juli-2025-bjurholm-vaesterbotten-county-und-korpilombolo-norrbotten-county\\\/#primaryimage\",\"url\":\"https:\\\/\\\/skyddaskogen.se\\\/wp-content\\\/uploads\\\/2024\\\/04\\\/logga-forskningsresan-hog-1.jpg\",\"contentUrl\":\"https:\\\/\\\/skyddaskogen.se\\\/wp-content\\\/uploads\\\/2024\\\/04\\\/logga-forskningsresan-hog-1.jpg\",\"width\":2473,\"height\":2465},{\"@type\":\"BreadcrumbList\",\"@id\":\"https:\\\/\\\/skyddaskogen.se\\\/de\\\/die-forschungsreise-in-die-wildnis-des-naturschutzes-woche-30-juli-2025-bjurholm-vaesterbotten-county-und-korpilombolo-norrbotten-county\\\/#breadcrumb\",\"itemListElement\":[{\"@type\":\"ListItem\",\"position\":1,\"name\":\"Home\",\"item\":\"https:\\\/\\\/skyddaskogen.se\\\/de\\\/schutzen-sie-den-wald\\\/\"},{\"@type\":\"ListItem\",\"position\":2,\"name\":\"Die Forschungsreise in die Wildnis des Naturschutzes Woche 30, Juli 2025 Bjurholm, V\u00e4sterbotten County und Korpilombolo, Norrbotten County\"}]},{\"@type\":\"WebSite\",\"@id\":\"https:\\\/\\\/skyddaskogen.se\\\/#website\",\"url\":\"https:\\\/\\\/skyddaskogen.se\\\/\",\"name\":\"Skydda Skogen\",\"description\":\"Zum Schutz alter W\u00e4lder und nat\u00fcrlicher Bauernh\u00f6fe\",\"publisher\":{\"@id\":\"https:\\\/\\\/skyddaskogen.se\\\/#organization\"},\"potentialAction\":[{\"@type\":\"SearchAction\",\"target\":{\"@type\":\"EntryPoint\",\"urlTemplate\":\"https:\\\/\\\/skyddaskogen.se\\\/?s={search_term_string}\"},\"query-input\":{\"@type\":\"PropertyValueSpecification\",\"valueRequired\":true,\"valueName\":\"search_term_string\"}}],\"inLanguage\":\"de\"},{\"@type\":\"Organization\",\"@id\":\"https:\\\/\\\/skyddaskogen.se\\\/#organization\",\"name\":\"Skydda Skogen\",\"url\":\"https:\\\/\\\/skyddaskogen.se\\\/\",\"logo\":{\"@type\":\"ImageObject\",\"inLanguage\":\"de\",\"@id\":\"https:\\\/\\\/skyddaskogen.se\\\/#\\\/schema\\\/logo\\\/image\\\/\",\"url\":\"https:\\\/\\\/skyddaskogen.se\\\/wp-content\\\/uploads\\\/2020\\\/09\\\/skyddaskogen.se_favicon-1.png\",\"contentUrl\":\"https:\\\/\\\/skyddaskogen.se\\\/wp-content\\\/uploads\\\/2020\\\/09\\\/skyddaskogen.se_favicon-1.png\",\"width\":256,\"height\":256,\"caption\":\"Skydda Skogen\"},\"image\":{\"@id\":\"https:\\\/\\\/skyddaskogen.se\\\/#\\\/schema\\\/logo\\\/image\\\/\"},\"sameAs\":[\"https:\\\/\\\/www.facebook.com\\\/groups\\\/54996954022\\\/\",\"https:\\\/\\\/x.com\\\/skyddaskogen\",\"https:\\\/\\\/www.instagram.com\\\/skyddaskogen\\\/\",\"https:\\\/\\\/www.youtube.com\\\/channel\\\/UCHJVIc9sptUj-qPek3Imitw\"]},{\"@type\":\"Person\",\"@id\":\"https:\\\/\\\/skyddaskogen.se\\\/#\\\/schema\\\/person\\\/c906e5755914ea734af3b481781fd87d\",\"name\":\"Skydda Skogen\",\"image\":{\"@type\":\"ImageObject\",\"inLanguage\":\"de\",\"@id\":\"https:\\\/\\\/skyddaskogen.se\\\/wp-content\\\/uploads\\\/2024\\\/05\\\/about-logo-120x120.png\",\"url\":\"https:\\\/\\\/skyddaskogen.se\\\/wp-content\\\/uploads\\\/2024\\\/05\\\/about-logo-120x120.png\",\"contentUrl\":\"https:\\\/\\\/skyddaskogen.se\\\/wp-content\\\/uploads\\\/2024\\\/05\\\/about-logo-120x120.png\",\"caption\":\"Skydda Skogen\"},\"url\":\"https:\\\/\\\/skyddaskogen.se\\\/de\\\/author\\\/amanda\\\/\"}]}<\/script>\n<!-- \/ Yoast SEO plugin. -->","yoast_head_json":{"title":"Die Forschungsreise in die Wildnis des Naturschutzes Woche 30, Juli 2025 Bjurholm, V\u00e4sterbotten County und Korpilombolo, Norrbotten County - Sch\u00fczt den wald","robots":{"index":"index","follow":"follow","max-snippet":"max-snippet:-1","max-image-preview":"max-image-preview:large","max-video-preview":"max-video-preview:-1"},"canonical":"https:\/\/skyddaskogen.se\/de\/die-forschungsreise-in-die-wildnis-des-naturschutzes-woche-30-juli-2025-bjurholm-vaesterbotten-county-und-korpilombolo-norrbotten-county\/","og_locale":"de_DE","og_type":"article","og_title":"Die Forschungsreise in die Wildnis des Naturschutzes Woche 30, Juli 2025 Bjurholm, V\u00e4sterbotten County und Korpilombolo, Norrbotten County - Sch\u00fczt den wald","og_description":"Interessensbekundungen f\u00fcr die Forschungsreise 2025 in den Randbereichen des NaturschutzesGe\u00f6ffnet! Bitte lesen Sie die Anmeldehinweise sorgf\u00e4ltig durch. Vom 21. bis 26. Juli werden wir uns an zwei verschiedenen Orten des&hellip;","og_url":"https:\/\/skyddaskogen.se\/de\/die-forschungsreise-in-die-wildnis-des-naturschutzes-woche-30-juli-2025-bjurholm-vaesterbotten-county-und-korpilombolo-norrbotten-county\/","og_site_name":"Sch\u00fczt den wald","article_publisher":"https:\/\/www.facebook.com\/groups\/54996954022\/","article_published_time":"2025-04-10T09:00:00+00:00","article_modified_time":"2025-11-13T11:21:54+00:00","og_image":[{"width":2473,"height":2465,"url":"https:\/\/skyddaskogen.se\/wp-content\/uploads\/2024\/04\/logga-forskningsresan-hog-1.jpg","type":"image\/jpeg"}],"author":"Skydda Skogen","twitter_card":"summary_large_image","twitter_creator":"@skyddaskogen","twitter_site":"@skyddaskogen","twitter_misc":{"Verfasst von":"Skydda Skogen","Gesch\u00e4tzte Lesezeit":"5\u00a0Minuten"},"schema":{"@context":"https:\/\/schema.org","@graph":[{"@type":"Article","@id":"https:\/\/skyddaskogen.se\/de\/die-forschungsreise-in-die-wildnis-des-naturschutzes-woche-30-juli-2025-bjurholm-vaesterbotten-county-und-korpilombolo-norrbotten-county\/#article","isPartOf":{"@id":"https:\/\/skyddaskogen.se\/de\/die-forschungsreise-in-die-wildnis-des-naturschutzes-woche-30-juli-2025-bjurholm-vaesterbotten-county-und-korpilombolo-norrbotten-county\/"},"author":{"name":"Skydda Skogen","@id":"https:\/\/skyddaskogen.se\/#\/schema\/person\/c906e5755914ea734af3b481781fd87d"},"headline":"Die Forschungsreise in die Wildnis des Naturschutzes Woche 30, Juli 2025 Bjurholm, V\u00e4sterbotten County und Korpilombolo, Norrbotten County","datePublished":"2025-04-10T09:00:00+00:00","dateModified":"2025-11-13T11:21:54+00:00","mainEntityOfPage":{"@id":"https:\/\/skyddaskogen.se\/de\/die-forschungsreise-in-die-wildnis-des-naturschutzes-woche-30-juli-2025-bjurholm-vaesterbotten-county-und-korpilombolo-norrbotten-county\/"},"wordCount":1011,"publisher":{"@id":"https:\/\/skyddaskogen.se\/#organization"},"image":{"@id":"https:\/\/skyddaskogen.se\/de\/die-forschungsreise-in-die-wildnis-des-naturschutzes-woche-30-juli-2025-bjurholm-vaesterbotten-county-und-korpilombolo-norrbotten-county\/#primaryimage"},"thumbnailUrl":"https:\/\/skyddaskogen.se\/wp-content\/uploads\/2024\/04\/logga-forskningsresan-hog-1.jpg","articleSection":["Die Forschungsreise","Gef\u00e4hrdete W\u00e4lder","Klima und Wald","Nachrichten","Wald- und Naturschutz"],"inLanguage":"de"},{"@type":"WebPage","@id":"https:\/\/skyddaskogen.se\/de\/die-forschungsreise-in-die-wildnis-des-naturschutzes-woche-30-juli-2025-bjurholm-vaesterbotten-county-und-korpilombolo-norrbotten-county\/","url":"https:\/\/skyddaskogen.se\/de\/die-forschungsreise-in-die-wildnis-des-naturschutzes-woche-30-juli-2025-bjurholm-vaesterbotten-county-und-korpilombolo-norrbotten-county\/","name":"Die Forschungsreise in die Wildnis des Naturschutzes Woche 30, Juli 2025 Bjurholm, V\u00e4sterbotten County und Korpilombolo, Norrbotten County - Sch\u00fczt den wald","isPartOf":{"@id":"https:\/\/skyddaskogen.se\/#website"},"primaryImageOfPage":{"@id":"https:\/\/skyddaskogen.se\/de\/die-forschungsreise-in-die-wildnis-des-naturschutzes-woche-30-juli-2025-bjurholm-vaesterbotten-county-und-korpilombolo-norrbotten-county\/#primaryimage"},"image":{"@id":"https:\/\/skyddaskogen.se\/de\/die-forschungsreise-in-die-wildnis-des-naturschutzes-woche-30-juli-2025-bjurholm-vaesterbotten-county-und-korpilombolo-norrbotten-county\/#primaryimage"},"thumbnailUrl":"https:\/\/skyddaskogen.se\/wp-content\/uploads\/2024\/04\/logga-forskningsresan-hog-1.jpg","datePublished":"2025-04-10T09:00:00+00:00","dateModified":"2025-11-13T11:21:54+00:00","breadcrumb":{"@id":"https:\/\/skyddaskogen.se\/de\/die-forschungsreise-in-die-wildnis-des-naturschutzes-woche-30-juli-2025-bjurholm-vaesterbotten-county-und-korpilombolo-norrbotten-county\/#breadcrumb"},"inLanguage":"de","potentialAction":[{"@type":"ReadAction","target":["https:\/\/skyddaskogen.se\/de\/die-forschungsreise-in-die-wildnis-des-naturschutzes-woche-30-juli-2025-bjurholm-vaesterbotten-county-und-korpilombolo-norrbotten-county\/"]}]},{"@type":"ImageObject","inLanguage":"de","@id":"https:\/\/skyddaskogen.se\/de\/die-forschungsreise-in-die-wildnis-des-naturschutzes-woche-30-juli-2025-bjurholm-vaesterbotten-county-und-korpilombolo-norrbotten-county\/#primaryimage","url":"https:\/\/skyddaskogen.se\/wp-content\/uploads\/2024\/04\/logga-forskningsresan-hog-1.jpg","contentUrl":"https:\/\/skyddaskogen.se\/wp-content\/uploads\/2024\/04\/logga-forskningsresan-hog-1.jpg","width":2473,"height":2465},{"@type":"BreadcrumbList","@id":"https:\/\/skyddaskogen.se\/de\/die-forschungsreise-in-die-wildnis-des-naturschutzes-woche-30-juli-2025-bjurholm-vaesterbotten-county-und-korpilombolo-norrbotten-county\/#breadcrumb","itemListElement":[{"@type":"ListItem","position":1,"name":"Home","item":"https:\/\/skyddaskogen.se\/de\/schutzen-sie-den-wald\/"},{"@type":"ListItem","position":2,"name":"Die Forschungsreise in die Wildnis des Naturschutzes Woche 30, Juli 2025 Bjurholm, V\u00e4sterbotten County und Korpilombolo, Norrbotten County"}]},{"@type":"WebSite","@id":"https:\/\/skyddaskogen.se\/#website","url":"https:\/\/skyddaskogen.se\/","name":"Skydda Skogen","description":"Zum Schutz alter W\u00e4lder und nat\u00fcrlicher Bauernh\u00f6fe","publisher":{"@id":"https:\/\/skyddaskogen.se\/#organization"},"potentialAction":[{"@type":"SearchAction","target":{"@type":"EntryPoint","urlTemplate":"https:\/\/skyddaskogen.se\/?s={search_term_string}"},"query-input":{"@type":"PropertyValueSpecification","valueRequired":true,"valueName":"search_term_string"}}],"inLanguage":"de"},{"@type":"Organization","@id":"https:\/\/skyddaskogen.se\/#organization","name":"Skydda Skogen","url":"https:\/\/skyddaskogen.se\/","logo":{"@type":"ImageObject","inLanguage":"de","@id":"https:\/\/skyddaskogen.se\/#\/schema\/logo\/image\/","url":"https:\/\/skyddaskogen.se\/wp-content\/uploads\/2020\/09\/skyddaskogen.se_favicon-1.png","contentUrl":"https:\/\/skyddaskogen.se\/wp-content\/uploads\/2020\/09\/skyddaskogen.se_favicon-1.png","width":256,"height":256,"caption":"Skydda Skogen"},"image":{"@id":"https:\/\/skyddaskogen.se\/#\/schema\/logo\/image\/"},"sameAs":["https:\/\/www.facebook.com\/groups\/54996954022\/","https:\/\/x.com\/skyddaskogen","https:\/\/www.instagram.com\/skyddaskogen\/","https:\/\/www.youtube.com\/channel\/UCHJVIc9sptUj-qPek3Imitw"]},{"@type":"Person","@id":"https:\/\/skyddaskogen.se\/#\/schema\/person\/c906e5755914ea734af3b481781fd87d","name":"Skydda Skogen","image":{"@type":"ImageObject","inLanguage":"de","@id":"https:\/\/skyddaskogen.se\/wp-content\/uploads\/2024\/05\/about-logo-120x120.png","url":"https:\/\/skyddaskogen.se\/wp-content\/uploads\/2024\/05\/about-logo-120x120.png","contentUrl":"https:\/\/skyddaskogen.se\/wp-content\/uploads\/2024\/05\/about-logo-120x120.png","caption":"Skydda Skogen"},"url":"https:\/\/skyddaskogen.se\/de\/author\/amanda\/"}]}},"_links":{"self":[{"href":"https:\/\/skyddaskogen.se\/de\/wp-json\/wp\/v2\/posts\/68169","targetHints":{"allow":["GET"]}}],"collection":[{"href":"https:\/\/skyddaskogen.se\/de\/wp-json\/wp\/v2\/posts"}],"about":[{"href":"https:\/\/skyddaskogen.se\/de\/wp-json\/wp\/v2\/types\/post"}],"author":[{"embeddable":true,"href":"https:\/\/skyddaskogen.se\/de\/wp-json\/wp\/v2\/users\/18"}],"replies":[{"embeddable":true,"href":"https:\/\/skyddaskogen.se\/de\/wp-json\/wp\/v2\/comments?post=68169"}],"version-history":[{"count":1,"href":"https:\/\/skyddaskogen.se\/de\/wp-json\/wp\/v2\/posts\/68169\/revisions"}],"predecessor-version":[{"id":68170,"href":"https:\/\/skyddaskogen.se\/de\/wp-json\/wp\/v2\/posts\/68169\/revisions\/68170"}],"wp:featuredmedia":[{"embeddable":true,"href":"https:\/\/skyddaskogen.se\/de\/wp-json\/wp\/v2\/media\/34939"}],"wp:attachment":[{"href":"https:\/\/skyddaskogen.se\/de\/wp-json\/wp\/v2\/media?parent=68169"}],"wp:term":[{"taxonomy":"category","embeddable":true,"href":"https:\/\/skyddaskogen.se\/de\/wp-json\/wp\/v2\/categories?post=68169"},{"taxonomy":"post_tag","embeddable":true,"href":"https:\/\/skyddaskogen.se\/de\/wp-json\/wp\/v2\/tags?post=68169"}],"curies":[{"name":"wp","href":"https:\/\/api.w.org\/{rel}","templated":true}]}}