{"id":68948,"date":"2025-12-20T16:00:14","date_gmt":"2025-12-20T15:00:14","guid":{"rendered":"https:\/\/skyddaskogen.se\/frohe-weihnachten-und-ein-frohes-neues-jahr-von-schuetzt-den-wald\/"},"modified":"2025-12-20T16:16:49","modified_gmt":"2025-12-20T15:16:49","slug":"frohe-weihnachten-und-ein-frohes-neues-jahr-von-schuetzt-den-wald","status":"publish","type":"post","link":"https:\/\/skyddaskogen.se\/de\/frohe-weihnachten-und-ein-frohes-neues-jahr-von-schuetzt-den-wald\/","title":{"rendered":"Frohe Weihnachten und ein frohes neues Jahr von Sch\u00fctzt den Wald!"},"content":{"rendered":"\n<p class=\"has-text-dark-color has-text-color has-link-color has-medium-font-size wp-elements-45465dfaa35296afbb0469b708548824\"><strong>Weihnachtsgru\u00df vom Vorstand von Sch\u00fctzt den Wald<\/strong><\/p>\n\n<p class=\"has-text-dark-color has-text-color has-link-color wp-elements-b7931c8c20b03e3dc52c18ab94f177eb\" style=\"font-size:clamp(14px, 0.875rem + ((1vw - 3.2px) * 0.2), 16px);\">Frohe Weihnachten, Waldk\u00e4mpfer! Dank Ihnen allen hat Sch\u00fctzt den Wald viele Teilerfolge errungen und feiert viele H\u00f6hepunkte aus dem Jahr 2025: Wir haben das Wissen \u00fcber unsere am st\u00e4rksten bedrohten Wald\u00f6kosysteme verbreitet; Wir dokumentieren weiterhin die einzigartigen Naturwerte unserer schwedischen W\u00e4lder, haben gro\u00dfe Unternehmen dazu gebracht, Rohstoffe aus umstrittenen F\u00e4llen von schutzw\u00fcrdigen W\u00e4ldern zu boykottieren, und gewinnen immer mehr Unterst\u00fctzung f\u00fcr eine wissenschaftlich fundierte Forstpolitik, die wirklich nachhaltig ist. Vielen Dank f\u00fcr all die Unterst\u00fctzung und Ermutigung w\u00e4hrend des Jahres und f\u00fcr neue Erfolge im Jahr 2026! W\u00fcnsche, das gesamte Vorstand von Sch\u00fctzt den Wald.   <\/p>\n\n<p class=\"has-text-dark-color has-text-color has-link-color has-medium-font-size wp-elements-72f5ab08681f084ac806476bac04e4cf\"><strong>Unser erster H\u00f6hepunkt ist der Erfolg der forestSCAndal-Kampagne<\/strong><\/p>\n\n<figure class=\"wp-block-image size-large\"><img fetchpriority=\"high\" decoding=\"async\" width=\"1024\" height=\"279\" src=\"https:\/\/skyddaskogen.se\/wp-content\/uploads\/2025\/12\/image-1024x279.png\" alt=\"\" class=\"wp-image-68924\" srcset=\"https:\/\/skyddaskogen.se\/wp-content\/uploads\/2025\/12\/image-1024x279.png 1024w, https:\/\/skyddaskogen.se\/wp-content\/uploads\/2025\/12\/image-300x82.png 300w, https:\/\/skyddaskogen.se\/wp-content\/uploads\/2025\/12\/image-768x209.png 768w, https:\/\/skyddaskogen.se\/wp-content\/uploads\/2025\/12\/image-1536x419.png 1536w, https:\/\/skyddaskogen.se\/wp-content\/uploads\/2025\/12\/image-370x101.png 370w, https:\/\/skyddaskogen.se\/wp-content\/uploads\/2025\/12\/image-840x229.png 840w, https:\/\/skyddaskogen.se\/wp-content\/uploads\/2025\/12\/image-410x112.png 410w, https:\/\/skyddaskogen.se\/wp-content\/uploads\/2025\/12\/image.png 1852w\" sizes=\"(max-width: 1024px) 100vw, 1024px\" \/><\/figure>\n\n<p><\/p>\n\n<p class=\"has-text-dark-color has-text-color has-link-color wp-elements-bf3754b47d239c49cc3c5739a98189c9\" style=\"font-size:clamp(14px, 0.875rem + ((1vw - 3.2px) * 0.2), 16px);\">Die internationale Arbeit von Sch\u00fctzt den Wald ist gewachsen, nicht zuletzt durch die Kampagne &#8222;Stop the Swedish Forest SCAndal&#8220;. Heute haben bereits mehr als 23.000 Menschen aus aller Welt eine Petition unterzeichnet, in der Unternehmen aufgefordert werden, keine Gesch\u00e4fte mehr mit dem Forstunternehmen SCA zu machen, bis sie aufh\u00f6ren, W\u00e4lder mit hohen Naturschutzwerten zu f\u00e4llen und die Rechte indigener V\u00f6lker zu respektieren. Der Lebensmittelriese Nestl\u00e9 hat bereits aufgeh\u00f6rt, virgine Ballaststoffe von SCA zu kaufen \u2013 wir wollen mehr Unternehmen beeinflussen. Wenn du die Petition noch nicht unterschrieben hast, geh zu <a href=\"http:\/\/www.forestscandal.org\/\">www.forestSCAndal.org<\/a>   <\/p>\n\n<p class=\"has-text-dark-color has-text-color has-link-color has-medium-font-size wp-elements-e4fc660ab212173bbd59533066c425d4\"><strong>Unser zweiter H\u00f6hepunkt ist der Fortschritt des Forest Monitor<\/strong><\/p>\n\n<figure class=\"wp-block-image size-large\"><img decoding=\"async\" width=\"1024\" height=\"564\" src=\"https:\/\/skyddaskogen.se\/wp-content\/uploads\/2025\/12\/image-1-1024x564.png\" alt=\"\" class=\"wp-image-68927\" srcset=\"https:\/\/skyddaskogen.se\/wp-content\/uploads\/2025\/12\/image-1-1024x564.png 1024w, https:\/\/skyddaskogen.se\/wp-content\/uploads\/2025\/12\/image-1-300x165.png 300w, https:\/\/skyddaskogen.se\/wp-content\/uploads\/2025\/12\/image-1-768x423.png 768w, https:\/\/skyddaskogen.se\/wp-content\/uploads\/2025\/12\/image-1-370x204.png 370w, https:\/\/skyddaskogen.se\/wp-content\/uploads\/2025\/12\/image-1-840x463.png 840w, https:\/\/skyddaskogen.se\/wp-content\/uploads\/2025\/12\/image-1-410x226.png 410w, https:\/\/skyddaskogen.se\/wp-content\/uploads\/2025\/12\/image-1.png 1270w\" sizes=\"(max-width: 1024px) 100vw, 1024px\" \/><\/figure>\n\n<p><\/p>\n\n<p class=\"has-text-dark-color has-text-color has-link-color wp-elements-7e54f5822a8424c1361226cf7b218bae\" style=\"font-size:clamp(14px, 0.875rem + ((1vw - 3.2px) * 0.2), 16px);\">Skogsmonitor hatte 2025 ein produktives und intensives Jahr mit einer neuen, <a href=\"http:\/\/www.skogsmonitor.se\/\">erweiterten Website<\/a> , die kurz vor Weihnachten gestartet wurde,<a href=\"https:\/\/skogsmonitor.se\/ny-unik-kartlaggning-av-lovskog-med-potentiella-naturvarden\/\"> einer neuen Schicht f\u00fcr potenzielle Laubw\u00e4lder<\/a> mit Schutzwerten im S\u00fcden Schwedens, der Ver\u00f6ffentlichung <a href=\"https:\/\/skogsmonitor.se\/dokument\/\">von zwei Berichten<\/a>, einem \u00fcber die Laubwaldschicht und einem umfassenden Bericht \u00fcber den Skogsmonitor. Dazu kommen viele Vortr\u00e4ge, und nicht zuletzt zwei neue und umfangreiche Projekte \u2013 <a href=\"https:\/\/skogsmonitor.se\/skydda-skogen-far-projektstod-fran-svenska-postkodlotteriets-stiftelse\/\">Boreal Amazon und Carbon in our forests<\/a>, die von der Postcode Lottery Foundation unterst\u00fctzt werden.<\/p>\n\n<p class=\"has-text-dark-color has-text-color has-link-color has-medium-font-size wp-elements-8f86dc2ab732a1d20f0c898cd81a17d4\"><strong>  H\u00f6hepunkte unseres Forstbotschafters Sebastian Kirppu  <\/strong><\/p>\n\n<figure class=\"wp-block-image size-full\"><img decoding=\"async\" width=\"278\" height=\"278\" src=\"https:\/\/skyddaskogen.se\/wp-content\/uploads\/2025\/12\/image-2.png\" alt=\"\" class=\"wp-image-68930\" srcset=\"https:\/\/skyddaskogen.se\/wp-content\/uploads\/2025\/12\/image-2.png 278w, https:\/\/skyddaskogen.se\/wp-content\/uploads\/2025\/12\/image-2-150x150.png 150w, https:\/\/skyddaskogen.se\/wp-content\/uploads\/2025\/12\/image-2-120x120.png 120w\" sizes=\"(max-width: 278px) 100vw, 278px\" \/><\/figure>\n\n<p class=\"has-text-dark-color has-text-color has-link-color wp-elements-eee853667528f47b743b5a5bd08752a7\" style=\"font-size:clamp(14px, 0.875rem + ((1vw - 3.2px) * 0.2), 16px);\">Das Jahr hat mehrere Kurse zum Waldinventar und Artenwissen angeboten, und viele Teilnehmer mit neuen Waldinteressen sind aufgetaucht. Die Kurse fanden im Ausbildungszentrum von Lindsberg statt, aber auch bei verschiedenen Forstgruppen im Land, die mehr dar\u00fcber lernen wollten, wie man W\u00e4lder inventarisiert. <\/p>\n\n<p class=\"has-text-dark-color has-text-color has-link-color wp-elements-665ae92a375efdacb57cacd671e5f446\" style=\"font-size:clamp(14px, 0.875rem + ((1vw - 3.2px) * 0.2), 16px);\">Im Laufe des Jahres wurden auch mehrere gef\u00e4hrdete W\u00e4lder erfasst, und in den meisten F\u00e4llen durften die W\u00e4lder dank der Zertifizierungsregeln zu hohen Schutzwerten oder den gesetzlichen Bestimmungen zu gesch\u00fctzten Arten erhalten bleiben.<\/p>\n\n<p class=\"has-text-dark-color has-text-color has-link-color wp-elements-861af3e85eb231fc457d640e8ef6cd2f\" style=\"font-size:clamp(14px, 0.875rem + ((1vw - 3.2px) * 0.2), 16px);\">Allerdings wurden auch einige W\u00e4lder mit hohem Naturschutzwert unter Versto\u00df gegen Zertifizierung und Gesetzgebung gef\u00e4llt, was eindeutig zeigt, dass die schwedische Forstwirtschaft nicht vertrauensw\u00fcrdig ist und trotz Versprechen und internationalen Vereinbarungen, die Ersch\u00f6pfung bis 2030 zu stoppen, weiterhin die Biodiversit\u00e4t unserer W\u00e4lder verringert.<\/p>\n\n<p class=\"has-text-dark-color has-text-color has-link-color has-medium-font-size wp-elements-a9329a30735444983d7c3276a7190584\"><strong>Das dritte Highlight, das wir feiern, ist das Waldfest<\/strong><\/p>\n\n<figure class=\"wp-block-image size-full\"><img loading=\"lazy\" decoding=\"async\" width=\"954\" height=\"564\" src=\"https:\/\/skyddaskogen.se\/wp-content\/uploads\/2025\/12\/image-3.png\" alt=\"\" class=\"wp-image-68933\" srcset=\"https:\/\/skyddaskogen.se\/wp-content\/uploads\/2025\/12\/image-3.png 954w, https:\/\/skyddaskogen.se\/wp-content\/uploads\/2025\/12\/image-3-300x177.png 300w, https:\/\/skyddaskogen.se\/wp-content\/uploads\/2025\/12\/image-3-768x454.png 768w, https:\/\/skyddaskogen.se\/wp-content\/uploads\/2025\/12\/image-3-370x219.png 370w, https:\/\/skyddaskogen.se\/wp-content\/uploads\/2025\/12\/image-3-840x497.png 840w, https:\/\/skyddaskogen.se\/wp-content\/uploads\/2025\/12\/image-3-410x242.png 410w\" sizes=\"(max-width: 954px) 100vw, 954px\" \/><\/figure>\n\n<p class=\"has-text-dark-color has-text-color has-link-color wp-elements-f34d4a7b0af68cecbe5b79afdfc239e1\" style=\"font-size:clamp(14px, 0.875rem + ((1vw - 3.2px) * 0.2), 16px);\">Das <a href=\"https:\/\/skyddaskogen.se\/de\/das-waldfest-2025-eine-manifestation-fur-den-wald\/\">diesj\u00e4hrige Forstfestival<\/a> fand vom 18. bis 20. Juli im \u00c5fallet Waldgarten im s\u00fcdlichen N\u00e4rke statt. Es war ein warmes Fest im doppelten Sinne, etwa 30 Grad im Schatten, mit vielen warmen und inspirierenden Gespr\u00e4chen, Treffen und Aktivit\u00e4ten.<\/p>\n\n<p class=\"has-text-dark-color has-text-color has-link-color wp-elements-41c4d4e10ec3df48db1bdad44fb81ab2\" style=\"font-size:clamp(14px, 0.875rem + ((1vw - 3.2px) * 0.2), 16px);\">Das Forstfestival ist ein inspirierender Treffpunkt f\u00fcr Forstliebhaber, Waldgartenliebhaber und alle, die sich der Umwelt verschrieben haben. Das Festival ist der gr\u00f6\u00dfte Treffpunkt f\u00fcr Forstaktivisten in der nordischen Region, und diesmal nahmen \u00fcber 300 Menschen aus 6 L\u00e4ndern teil. <\/p>\n\n<p class=\"has-text-dark-color has-text-color has-link-color wp-elements-265be205065d96152d75bbae8c7f3c07\" style=\"font-size:clamp(14px, 0.875rem + ((1vw - 3.2px) * 0.2), 16px);\">Die Themen dieses Jahres waren Wald und Klima, Biodiversit\u00e4t, Waldg\u00e4rten, die Umweltherausforderungen der Menschheit, naturnahe Forstwirtschaft und Wald\u00f6kologie usw.<\/p>\n\n<p class=\"has-text-dark-color has-text-color has-link-color wp-elements-5a74ed06c462b4cc01d665bff40904b2\" style=\"font-size:clamp(14px, 0.875rem + ((1vw - 3.2px) * 0.2), 16px);\">Das Festival ist sowohl eine Wissensverbreitungsaktivit\u00e4t als auch eine festliche Hommage an die Umweltarbeit und alle, die sich dem Wald verschrieben haben, eine M\u00f6glichkeit, sich gegenseitig zu begegnen und zu inspirieren. Das Festival ist insofern einzigartig, als es ein Treffpunkt zwischen Kulturschaffenden, P\u00e4dagogen, Forstaktivisten, Forschern und Praktikern im naturnahen Forstwirtschaft, Waldg\u00e4rten und Naturschutz ist. <\/p>\n\n<p class=\"has-text-dark-color has-text-color has-link-color has-medium-font-size wp-elements-8703e2f33b8375e4607e137f347370d4\"><strong>Ein weiteres gro\u00dfes Highlight, das wir feiern, ist unser boreales Pilzprojekt<\/strong><\/p>\n\n<figure class=\"wp-block-image size-large\"><img loading=\"lazy\" decoding=\"async\" width=\"1024\" height=\"410\" src=\"https:\/\/skyddaskogen.se\/wp-content\/uploads\/2025\/12\/image-4-1024x410.png\" alt=\"\" class=\"wp-image-68936\" srcset=\"https:\/\/skyddaskogen.se\/wp-content\/uploads\/2025\/12\/image-4-1024x410.png 1024w, https:\/\/skyddaskogen.se\/wp-content\/uploads\/2025\/12\/image-4-300x120.png 300w, https:\/\/skyddaskogen.se\/wp-content\/uploads\/2025\/12\/image-4-768x308.png 768w, https:\/\/skyddaskogen.se\/wp-content\/uploads\/2025\/12\/image-4-1536x615.png 1536w, https:\/\/skyddaskogen.se\/wp-content\/uploads\/2025\/12\/image-4-370x148.png 370w, https:\/\/skyddaskogen.se\/wp-content\/uploads\/2025\/12\/image-4-840x337.png 840w, https:\/\/skyddaskogen.se\/wp-content\/uploads\/2025\/12\/image-4-410x164.png 410w, https:\/\/skyddaskogen.se\/wp-content\/uploads\/2025\/12\/image-4.png 1797w\" sizes=\"(max-width: 1024px) 100vw, 1024px\" \/><\/figure>\n\n<p class=\"has-text-dark-color has-text-color has-link-color wp-elements-afe000d735d98b748dbec9ad2a338e63\" style=\"font-size:clamp(14px, 0.875rem + ((1vw - 3.2px) * 0.2), 16px);\">Im Fr\u00fchjahr 2025 haben wir das Boreal Mushroom Forests Mushroom Project gestartet. Wir arbeiten mit Bodenpilzen in borealen W\u00e4ldern, wo viele gef\u00e4hrdete Arten ihre Hauptverbreitung haben, aber das Wissen \u00fcber Vorkommen und Verbreitung noch unzureichend ist, mit gro\u00dfen wei\u00dfen Flecken auf der Karte. Unsere Arbeit umfasst Kartierung, Inventarisierung, Wissenssammlung, Wissensverbreitung und Netzwerkaktivit\u00e4ten.  <\/p>\n\n<p class=\"has-text-dark-color has-text-color has-link-color wp-elements-0ac0fca94f88ea8ccba650f99f7674a2\" style=\"font-size:clamp(14px, 0.875rem + ((1vw - 3.2px) * 0.2), 16px);\">Im September haben wir Schauspieler aus Schweden und Norwegen zu einem Symposium \u00fcber boreale Kalkstein-Nadelw\u00e4lder im Tal des R\u00e5ne\u00e5-Flusses zusammengebracht. Das Programm umfasste Exkursionen, Vortr\u00e4ge, wichtige Netzwerke und gute Gespr\u00e4che mit Erfahrungs- und Wissensaustausch. Und ja, wir haben auch lustige Funde gemacht, darunter die Juwelspinne, die neu in Norrbotten ist. Der n\u00e4chstgelegene Fund der Art im S\u00fcden befindet sich in Matfors au\u00dferhalb von H\u00e4rn\u00f6sand, 1980! (Mehr lesen Sie im Kalender-Slot von Protect the Forest am 17.12. auf Instagram).    <\/p>\n\n<p class=\"has-text-dark-color has-text-color has-link-color wp-elements-046b4053a3a4d4318aab00311e583205\" style=\"font-size:clamp(14px, 0.875rem + ((1vw - 3.2px) * 0.2), 16px);\">Bereits im ersten Jahr haben wir zuvor unbekannte Kalkstein-Nadelw\u00e4lder identifiziert, neues Wissen \u00fcber rotgelistete Pilze gewonnen und Entdeckungen gemacht, die f\u00fcr Norrbotten, V\u00e4sternorrland, V\u00e4sterbotten und das Land[PW1] schlichtweg sensationell sind. Im Jahr 2026 werden wir weiterhin Inventarisierungen, Analysen und Wissensverbreitung durchf\u00fchren. Im ersten Quartal werden wir au\u00dferdem unsere Website starten, auf der wir Ergebnisse und Updates zu Artenfunden und -inventaren teilen.  <\/p>\n\n<p class=\"has-text-dark-color has-text-color has-link-color wp-elements-e024cece7f3f18e396190555b2bdd3d7\" style=\"font-size:clamp(14px, 0.875rem + ((1vw - 3.2px) * 0.2), 16px);\">Und noch etwas: Das Gebiet ist riesig. Wir werden das selbst nicht schaffen. Deshalb entwickeln wir im Jahr 2026 Informationsunterst\u00fctzung f\u00fcr diejenigen von Ihnen, die eine Bestandsaufnahme machen m\u00f6chten. Wir brauchen Ihre Hilfe, und gemeinsam k\u00f6nnen wir noch viel mehr erreichen!   <\/p>\n\n<p class=\"has-text-dark-color has-text-color has-link-color has-medium-font-size wp-elements-1b6a6e6da90357e6dbff8d18bca919a5\"><strong>Wir feiern au\u00dferdem den Start unserer neuen Forest-Webinar-Reihe<\/strong><\/p>\n\n<p class=\"has-text-dark-color has-text-color has-link-color wp-elements-2a1d31bfb5e57e56fa2a9175490f02f3\" style=\"font-size:clamp(14px, 0.875rem + ((1vw - 3.2px) * 0.2), 16px);\">Im November 2025 startete Protect the Forest eine Webinarreihe zum Thema Wald und Waldpolitik, in der Akteure mit unterschiedlichen Hintergr\u00fcnden und Fachkenntnissen eingeladen werden, mit den Teilnehmern Vortr\u00e4ge zu halten und zu diskutieren. Die Webinare finden zweimal im Monat statt. Behalte deinen Posteingang, deine Facebook-Gruppe und unsere sozialen Medien im Auge, um diese fantastischen Vorlesungen nicht zu verpassen!    <\/p>\n\n<p class=\"has-text-dark-color has-text-color has-link-color has-medium-font-size wp-elements-2ac1349da2a2740b4e978a3881990a8b\"><strong>Das Klima- und Waldprojekt wurde im Naturpodcast vorgestellt<\/strong><\/p>\n\n<p class=\"has-text-dark-color has-text-color has-link-color wp-elements-54e206e48e3872b144f517727e9c4643\" style=\"font-size:clamp(14px, 0.875rem + ((1vw - 3.2px) * 0.2), 16px);\">Die Vereinigung arbeitet weiterhin am Thema Klima und Wald und verbreitet Wissen unter anderem im <a href=\"https:\/\/www.natursidan.se\/nyheter\/naturpodden-ida-sellstedt-om-kalhyggesbrukets-klimatskuld\/\">Podcast-Format<\/a> und in <a href=\"https:\/\/www.instagram.com\/p\/DR-ZKaakR1O\/\">sozialen Medien<\/a>.<\/p>\n\n<p class=\"has-text-dark-color has-text-color has-link-color has-medium-font-size wp-elements-63958878bc42bd381605401174a8930c\"><strong><em>Wir w\u00fcnschen Ihnen ein sehr frohes Weihnachten und dass wir Sie n\u00e4chstes Jahr f\u00fcr unser anhaltendes Engagement f\u00fcr unsere W\u00e4lder sehen werden.<\/em><\/strong><\/p>\n\n<p class=\"has-text-dark-color has-text-color has-link-color wp-elements-63a1e5986073bffe9714fd3d977095f4\" style=\"font-size:clamp(14px, 0.875rem + ((1vw - 3.2px) * 0.2), 16px);\">Mit warmen und waldlichen Gr\u00fc\u00dfen vom gesamten Team in Protect the Forest<\/p>\n\n<p><\/p>\n","protected":false},"excerpt":{"rendered":"<p>Weihnachtsgru\u00df vom Vorstand von Sch\u00fctzt den Wald Frohe Weihnachten, Waldk\u00e4mpfer! Dank Ihnen allen hat Sch\u00fctzt den Wald viele Teilerfolge errungen und feiert viele H\u00f6hepunkte aus dem Jahr 2025: Wir haben&hellip;<\/p>\n","protected":false},"author":25288,"featured_media":68858,"comment_status":"closed","ping_status":"closed","sticky":false,"template":"","format":"standard","meta":{"give_campaign_id":0,"_price":"","_stock":"","_tribe_ticket_header":"","_tribe_default_ticket_provider":"","_tribe_ticket_capacity":"","_ticket_start_date":"","_ticket_end_date":"","_tribe_ticket_show_description":"","_tribe_ticket_show_not_going":false,"_tribe_ticket_use_global_stock":"","_tribe_ticket_global_stock_level":"","_global_stock_mode":"","_global_stock_cap":"","_tribe_rsvp_for_event":"","_tribe_ticket_going_count":"","_tribe_ticket_not_going_count":"","_tribe_tickets_list":"[]","_tribe_ticket_has_attendee_info_fields":false,"footnotes":""},"categories":[148],"tags":[],"class_list":["post-68948","post","type-post","status-publish","format-standard","has-post-thumbnail","hentry","category-waldnachrichten"],"yoast_head":"<!-- This site is optimized with the Yoast SEO plugin v27.4 - https:\/\/yoast.com\/product\/yoast-seo-wordpress\/ -->\n<title>Frohe Weihnachten und ein frohes neues Jahr von Sch\u00fctzt den Wald! - Sch\u00fczt den wald<\/title>\n<meta name=\"robots\" content=\"index, follow, max-snippet:-1, max-image-preview:large, max-video-preview:-1\" \/>\n<link rel=\"canonical\" href=\"https:\/\/skyddaskogen.se\/de\/frohe-weihnachten-und-ein-frohes-neues-jahr-von-schuetzt-den-wald\/\" \/>\n<meta property=\"og:locale\" content=\"de_DE\" \/>\n<meta property=\"og:type\" content=\"article\" \/>\n<meta property=\"og:title\" content=\"Frohe Weihnachten und ein frohes neues Jahr von Sch\u00fctzt den Wald! - Sch\u00fczt den wald\" \/>\n<meta property=\"og:description\" content=\"Weihnachtsgru\u00df vom Vorstand von Sch\u00fctzt den Wald Frohe Weihnachten, Waldk\u00e4mpfer! Dank Ihnen allen hat Sch\u00fctzt den Wald viele Teilerfolge errungen und feiert viele H\u00f6hepunkte aus dem Jahr 2025: Wir haben&hellip;\" \/>\n<meta property=\"og:url\" content=\"https:\/\/skyddaskogen.se\/de\/frohe-weihnachten-und-ein-frohes-neues-jahr-von-schuetzt-den-wald\/\" \/>\n<meta property=\"og:site_name\" content=\"Sch\u00fczt den wald\" \/>\n<meta property=\"article:publisher\" content=\"https:\/\/www.facebook.com\/groups\/54996954022\/\" \/>\n<meta property=\"article:published_time\" content=\"2025-12-20T15:00:14+00:00\" \/>\n<meta property=\"article:modified_time\" content=\"2025-12-20T15:16:49+00:00\" \/>\n<meta property=\"og:image\" content=\"https:\/\/skyddaskogen.se\/wp-content\/uploads\/2025\/12\/julkort-1-1024x559.png\" \/>\n\t<meta property=\"og:image:width\" content=\"1024\" \/>\n\t<meta property=\"og:image:height\" content=\"559\" \/>\n\t<meta property=\"og:image:type\" content=\"image\/png\" \/>\n<meta name=\"author\" content=\"Benjamin Ladraa\" \/>\n<meta name=\"twitter:card\" content=\"summary_large_image\" \/>\n<meta name=\"twitter:creator\" content=\"@skyddaskogen\" \/>\n<meta name=\"twitter:site\" content=\"@skyddaskogen\" \/>\n<meta name=\"twitter:label1\" content=\"Verfasst von\" \/>\n\t<meta name=\"twitter:data1\" content=\"Benjamin Ladraa\" \/>\n<script type=\"application\/ld+json\" class=\"yoast-schema-graph\">{\"@context\":\"https:\\\/\\\/schema.org\",\"@graph\":[{\"@type\":\"Article\",\"@id\":\"https:\\\/\\\/skyddaskogen.se\\\/de\\\/frohe-weihnachten-und-ein-frohes-neues-jahr-von-schuetzt-den-wald\\\/#article\",\"isPartOf\":{\"@id\":\"https:\\\/\\\/skyddaskogen.se\\\/de\\\/frohe-weihnachten-und-ein-frohes-neues-jahr-von-schuetzt-den-wald\\\/\"},\"author\":{\"name\":\"Benjamin Ladraa\",\"@id\":\"https:\\\/\\\/skyddaskogen.se\\\/#\\\/schema\\\/person\\\/b753d6c89afd32670411f217c07f4751\"},\"headline\":\"Frohe Weihnachten und ein frohes neues Jahr von Sch\u00fctzt den Wald!\",\"datePublished\":\"2025-12-20T15:00:14+00:00\",\"dateModified\":\"2025-12-20T15:16:49+00:00\",\"mainEntityOfPage\":{\"@id\":\"https:\\\/\\\/skyddaskogen.se\\\/de\\\/frohe-weihnachten-und-ein-frohes-neues-jahr-von-schuetzt-den-wald\\\/\"},\"wordCount\":1034,\"publisher\":{\"@id\":\"https:\\\/\\\/skyddaskogen.se\\\/#organization\"},\"image\":{\"@id\":\"https:\\\/\\\/skyddaskogen.se\\\/de\\\/frohe-weihnachten-und-ein-frohes-neues-jahr-von-schuetzt-den-wald\\\/#primaryimage\"},\"thumbnailUrl\":\"https:\\\/\\\/skyddaskogen.se\\\/wp-content\\\/uploads\\\/2025\\\/12\\\/julkort-1-scaled.png\",\"articleSection\":[\"Nachrichten\"],\"inLanguage\":\"de\"},{\"@type\":\"WebPage\",\"@id\":\"https:\\\/\\\/skyddaskogen.se\\\/de\\\/frohe-weihnachten-und-ein-frohes-neues-jahr-von-schuetzt-den-wald\\\/\",\"url\":\"https:\\\/\\\/skyddaskogen.se\\\/de\\\/frohe-weihnachten-und-ein-frohes-neues-jahr-von-schuetzt-den-wald\\\/\",\"name\":\"Frohe Weihnachten und ein frohes neues Jahr von Sch\u00fctzt den Wald! - Sch\u00fczt den wald\",\"isPartOf\":{\"@id\":\"https:\\\/\\\/skyddaskogen.se\\\/#website\"},\"primaryImageOfPage\":{\"@id\":\"https:\\\/\\\/skyddaskogen.se\\\/de\\\/frohe-weihnachten-und-ein-frohes-neues-jahr-von-schuetzt-den-wald\\\/#primaryimage\"},\"image\":{\"@id\":\"https:\\\/\\\/skyddaskogen.se\\\/de\\\/frohe-weihnachten-und-ein-frohes-neues-jahr-von-schuetzt-den-wald\\\/#primaryimage\"},\"thumbnailUrl\":\"https:\\\/\\\/skyddaskogen.se\\\/wp-content\\\/uploads\\\/2025\\\/12\\\/julkort-1-scaled.png\",\"datePublished\":\"2025-12-20T15:00:14+00:00\",\"dateModified\":\"2025-12-20T15:16:49+00:00\",\"breadcrumb\":{\"@id\":\"https:\\\/\\\/skyddaskogen.se\\\/de\\\/frohe-weihnachten-und-ein-frohes-neues-jahr-von-schuetzt-den-wald\\\/#breadcrumb\"},\"inLanguage\":\"de\",\"potentialAction\":[{\"@type\":\"ReadAction\",\"target\":[\"https:\\\/\\\/skyddaskogen.se\\\/de\\\/frohe-weihnachten-und-ein-frohes-neues-jahr-von-schuetzt-den-wald\\\/\"]}]},{\"@type\":\"ImageObject\",\"inLanguage\":\"de\",\"@id\":\"https:\\\/\\\/skyddaskogen.se\\\/de\\\/frohe-weihnachten-und-ein-frohes-neues-jahr-von-schuetzt-den-wald\\\/#primaryimage\",\"url\":\"https:\\\/\\\/skyddaskogen.se\\\/wp-content\\\/uploads\\\/2025\\\/12\\\/julkort-1-scaled.png\",\"contentUrl\":\"https:\\\/\\\/skyddaskogen.se\\\/wp-content\\\/uploads\\\/2025\\\/12\\\/julkort-1-scaled.png\",\"width\":2560,\"height\":1396},{\"@type\":\"BreadcrumbList\",\"@id\":\"https:\\\/\\\/skyddaskogen.se\\\/de\\\/frohe-weihnachten-und-ein-frohes-neues-jahr-von-schuetzt-den-wald\\\/#breadcrumb\",\"itemListElement\":[{\"@type\":\"ListItem\",\"position\":1,\"name\":\"Home\",\"item\":\"https:\\\/\\\/skyddaskogen.se\\\/de\\\/schutzen-sie-den-wald\\\/\"},{\"@type\":\"ListItem\",\"position\":2,\"name\":\"Frohe Weihnachten und ein frohes neues Jahr von Sch\u00fctzt den Wald!\"}]},{\"@type\":\"WebSite\",\"@id\":\"https:\\\/\\\/skyddaskogen.se\\\/#website\",\"url\":\"https:\\\/\\\/skyddaskogen.se\\\/\",\"name\":\"Skydda Skogen\",\"description\":\"Zum Schutz alter W\u00e4lder und nat\u00fcrlicher Bauernh\u00f6fe\",\"publisher\":{\"@id\":\"https:\\\/\\\/skyddaskogen.se\\\/#organization\"},\"potentialAction\":[{\"@type\":\"SearchAction\",\"target\":{\"@type\":\"EntryPoint\",\"urlTemplate\":\"https:\\\/\\\/skyddaskogen.se\\\/?s={search_term_string}\"},\"query-input\":{\"@type\":\"PropertyValueSpecification\",\"valueRequired\":true,\"valueName\":\"search_term_string\"}}],\"inLanguage\":\"de\"},{\"@type\":\"Organization\",\"@id\":\"https:\\\/\\\/skyddaskogen.se\\\/#organization\",\"name\":\"Skydda Skogen\",\"url\":\"https:\\\/\\\/skyddaskogen.se\\\/\",\"logo\":{\"@type\":\"ImageObject\",\"inLanguage\":\"de\",\"@id\":\"https:\\\/\\\/skyddaskogen.se\\\/#\\\/schema\\\/logo\\\/image\\\/\",\"url\":\"https:\\\/\\\/skyddaskogen.se\\\/wp-content\\\/uploads\\\/2020\\\/09\\\/skyddaskogen.se_favicon-1.png\",\"contentUrl\":\"https:\\\/\\\/skyddaskogen.se\\\/wp-content\\\/uploads\\\/2020\\\/09\\\/skyddaskogen.se_favicon-1.png\",\"width\":256,\"height\":256,\"caption\":\"Skydda Skogen\"},\"image\":{\"@id\":\"https:\\\/\\\/skyddaskogen.se\\\/#\\\/schema\\\/logo\\\/image\\\/\"},\"sameAs\":[\"https:\\\/\\\/www.facebook.com\\\/groups\\\/54996954022\\\/\",\"https:\\\/\\\/x.com\\\/skyddaskogen\",\"https:\\\/\\\/www.instagram.com\\\/skyddaskogen\\\/\",\"https:\\\/\\\/www.youtube.com\\\/channel\\\/UCHJVIc9sptUj-qPek3Imitw\"]},{\"@type\":\"Person\",\"@id\":\"https:\\\/\\\/skyddaskogen.se\\\/#\\\/schema\\\/person\\\/b753d6c89afd32670411f217c07f4751\",\"name\":\"Benjamin Ladraa\",\"image\":{\"@type\":\"ImageObject\",\"inLanguage\":\"de\",\"@id\":\"https:\\\/\\\/skyddaskogen.se\\\/wp-content\\\/uploads\\\/2025\\\/09\\\/about-benjamin-ladraa-120x120.png\",\"url\":\"https:\\\/\\\/skyddaskogen.se\\\/wp-content\\\/uploads\\\/2025\\\/09\\\/about-benjamin-ladraa-120x120.png\",\"contentUrl\":\"https:\\\/\\\/skyddaskogen.se\\\/wp-content\\\/uploads\\\/2025\\\/09\\\/about-benjamin-ladraa-120x120.png\",\"caption\":\"Benjamin Ladraa\"},\"url\":\"https:\\\/\\\/skyddaskogen.se\\\/de\\\/author\\\/benjamin\\\/\"}]}<\/script>\n<!-- \/ Yoast SEO plugin. -->","yoast_head_json":{"title":"Frohe Weihnachten und ein frohes neues Jahr von Sch\u00fctzt den Wald! - Sch\u00fczt den wald","robots":{"index":"index","follow":"follow","max-snippet":"max-snippet:-1","max-image-preview":"max-image-preview:large","max-video-preview":"max-video-preview:-1"},"canonical":"https:\/\/skyddaskogen.se\/de\/frohe-weihnachten-und-ein-frohes-neues-jahr-von-schuetzt-den-wald\/","og_locale":"de_DE","og_type":"article","og_title":"Frohe Weihnachten und ein frohes neues Jahr von Sch\u00fctzt den Wald! - Sch\u00fczt den wald","og_description":"Weihnachtsgru\u00df vom Vorstand von Sch\u00fctzt den Wald Frohe Weihnachten, Waldk\u00e4mpfer! Dank Ihnen allen hat Sch\u00fctzt den Wald viele Teilerfolge errungen und feiert viele H\u00f6hepunkte aus dem Jahr 2025: Wir haben&hellip;","og_url":"https:\/\/skyddaskogen.se\/de\/frohe-weihnachten-und-ein-frohes-neues-jahr-von-schuetzt-den-wald\/","og_site_name":"Sch\u00fczt den wald","article_publisher":"https:\/\/www.facebook.com\/groups\/54996954022\/","article_published_time":"2025-12-20T15:00:14+00:00","article_modified_time":"2025-12-20T15:16:49+00:00","og_image":[{"width":1024,"height":559,"url":"https:\/\/skyddaskogen.se\/wp-content\/uploads\/2025\/12\/julkort-1-1024x559.png","type":"image\/png"}],"author":"Benjamin Ladraa","twitter_card":"summary_large_image","twitter_creator":"@skyddaskogen","twitter_site":"@skyddaskogen","twitter_misc":{"Verfasst von":"Benjamin Ladraa"},"schema":{"@context":"https:\/\/schema.org","@graph":[{"@type":"Article","@id":"https:\/\/skyddaskogen.se\/de\/frohe-weihnachten-und-ein-frohes-neues-jahr-von-schuetzt-den-wald\/#article","isPartOf":{"@id":"https:\/\/skyddaskogen.se\/de\/frohe-weihnachten-und-ein-frohes-neues-jahr-von-schuetzt-den-wald\/"},"author":{"name":"Benjamin Ladraa","@id":"https:\/\/skyddaskogen.se\/#\/schema\/person\/b753d6c89afd32670411f217c07f4751"},"headline":"Frohe Weihnachten und ein frohes neues Jahr von Sch\u00fctzt den Wald!","datePublished":"2025-12-20T15:00:14+00:00","dateModified":"2025-12-20T15:16:49+00:00","mainEntityOfPage":{"@id":"https:\/\/skyddaskogen.se\/de\/frohe-weihnachten-und-ein-frohes-neues-jahr-von-schuetzt-den-wald\/"},"wordCount":1034,"publisher":{"@id":"https:\/\/skyddaskogen.se\/#organization"},"image":{"@id":"https:\/\/skyddaskogen.se\/de\/frohe-weihnachten-und-ein-frohes-neues-jahr-von-schuetzt-den-wald\/#primaryimage"},"thumbnailUrl":"https:\/\/skyddaskogen.se\/wp-content\/uploads\/2025\/12\/julkort-1-scaled.png","articleSection":["Nachrichten"],"inLanguage":"de"},{"@type":"WebPage","@id":"https:\/\/skyddaskogen.se\/de\/frohe-weihnachten-und-ein-frohes-neues-jahr-von-schuetzt-den-wald\/","url":"https:\/\/skyddaskogen.se\/de\/frohe-weihnachten-und-ein-frohes-neues-jahr-von-schuetzt-den-wald\/","name":"Frohe Weihnachten und ein frohes neues Jahr von Sch\u00fctzt den Wald! - Sch\u00fczt den wald","isPartOf":{"@id":"https:\/\/skyddaskogen.se\/#website"},"primaryImageOfPage":{"@id":"https:\/\/skyddaskogen.se\/de\/frohe-weihnachten-und-ein-frohes-neues-jahr-von-schuetzt-den-wald\/#primaryimage"},"image":{"@id":"https:\/\/skyddaskogen.se\/de\/frohe-weihnachten-und-ein-frohes-neues-jahr-von-schuetzt-den-wald\/#primaryimage"},"thumbnailUrl":"https:\/\/skyddaskogen.se\/wp-content\/uploads\/2025\/12\/julkort-1-scaled.png","datePublished":"2025-12-20T15:00:14+00:00","dateModified":"2025-12-20T15:16:49+00:00","breadcrumb":{"@id":"https:\/\/skyddaskogen.se\/de\/frohe-weihnachten-und-ein-frohes-neues-jahr-von-schuetzt-den-wald\/#breadcrumb"},"inLanguage":"de","potentialAction":[{"@type":"ReadAction","target":["https:\/\/skyddaskogen.se\/de\/frohe-weihnachten-und-ein-frohes-neues-jahr-von-schuetzt-den-wald\/"]}]},{"@type":"ImageObject","inLanguage":"de","@id":"https:\/\/skyddaskogen.se\/de\/frohe-weihnachten-und-ein-frohes-neues-jahr-von-schuetzt-den-wald\/#primaryimage","url":"https:\/\/skyddaskogen.se\/wp-content\/uploads\/2025\/12\/julkort-1-scaled.png","contentUrl":"https:\/\/skyddaskogen.se\/wp-content\/uploads\/2025\/12\/julkort-1-scaled.png","width":2560,"height":1396},{"@type":"BreadcrumbList","@id":"https:\/\/skyddaskogen.se\/de\/frohe-weihnachten-und-ein-frohes-neues-jahr-von-schuetzt-den-wald\/#breadcrumb","itemListElement":[{"@type":"ListItem","position":1,"name":"Home","item":"https:\/\/skyddaskogen.se\/de\/schutzen-sie-den-wald\/"},{"@type":"ListItem","position":2,"name":"Frohe Weihnachten und ein frohes neues Jahr von Sch\u00fctzt den Wald!"}]},{"@type":"WebSite","@id":"https:\/\/skyddaskogen.se\/#website","url":"https:\/\/skyddaskogen.se\/","name":"Skydda Skogen","description":"Zum Schutz alter W\u00e4lder und nat\u00fcrlicher Bauernh\u00f6fe","publisher":{"@id":"https:\/\/skyddaskogen.se\/#organization"},"potentialAction":[{"@type":"SearchAction","target":{"@type":"EntryPoint","urlTemplate":"https:\/\/skyddaskogen.se\/?s={search_term_string}"},"query-input":{"@type":"PropertyValueSpecification","valueRequired":true,"valueName":"search_term_string"}}],"inLanguage":"de"},{"@type":"Organization","@id":"https:\/\/skyddaskogen.se\/#organization","name":"Skydda Skogen","url":"https:\/\/skyddaskogen.se\/","logo":{"@type":"ImageObject","inLanguage":"de","@id":"https:\/\/skyddaskogen.se\/#\/schema\/logo\/image\/","url":"https:\/\/skyddaskogen.se\/wp-content\/uploads\/2020\/09\/skyddaskogen.se_favicon-1.png","contentUrl":"https:\/\/skyddaskogen.se\/wp-content\/uploads\/2020\/09\/skyddaskogen.se_favicon-1.png","width":256,"height":256,"caption":"Skydda Skogen"},"image":{"@id":"https:\/\/skyddaskogen.se\/#\/schema\/logo\/image\/"},"sameAs":["https:\/\/www.facebook.com\/groups\/54996954022\/","https:\/\/x.com\/skyddaskogen","https:\/\/www.instagram.com\/skyddaskogen\/","https:\/\/www.youtube.com\/channel\/UCHJVIc9sptUj-qPek3Imitw"]},{"@type":"Person","@id":"https:\/\/skyddaskogen.se\/#\/schema\/person\/b753d6c89afd32670411f217c07f4751","name":"Benjamin Ladraa","image":{"@type":"ImageObject","inLanguage":"de","@id":"https:\/\/skyddaskogen.se\/wp-content\/uploads\/2025\/09\/about-benjamin-ladraa-120x120.png","url":"https:\/\/skyddaskogen.se\/wp-content\/uploads\/2025\/09\/about-benjamin-ladraa-120x120.png","contentUrl":"https:\/\/skyddaskogen.se\/wp-content\/uploads\/2025\/09\/about-benjamin-ladraa-120x120.png","caption":"Benjamin Ladraa"},"url":"https:\/\/skyddaskogen.se\/de\/author\/benjamin\/"}]}},"_links":{"self":[{"href":"https:\/\/skyddaskogen.se\/de\/wp-json\/wp\/v2\/posts\/68948","targetHints":{"allow":["GET"]}}],"collection":[{"href":"https:\/\/skyddaskogen.se\/de\/wp-json\/wp\/v2\/posts"}],"about":[{"href":"https:\/\/skyddaskogen.se\/de\/wp-json\/wp\/v2\/types\/post"}],"author":[{"embeddable":true,"href":"https:\/\/skyddaskogen.se\/de\/wp-json\/wp\/v2\/users\/25288"}],"replies":[{"embeddable":true,"href":"https:\/\/skyddaskogen.se\/de\/wp-json\/wp\/v2\/comments?post=68948"}],"version-history":[{"count":4,"href":"https:\/\/skyddaskogen.se\/de\/wp-json\/wp\/v2\/posts\/68948\/revisions"}],"predecessor-version":[{"id":68955,"href":"https:\/\/skyddaskogen.se\/de\/wp-json\/wp\/v2\/posts\/68948\/revisions\/68955"}],"wp:featuredmedia":[{"embeddable":true,"href":"https:\/\/skyddaskogen.se\/de\/wp-json\/wp\/v2\/media\/68858"}],"wp:attachment":[{"href":"https:\/\/skyddaskogen.se\/de\/wp-json\/wp\/v2\/media?parent=68948"}],"wp:term":[{"taxonomy":"category","embeddable":true,"href":"https:\/\/skyddaskogen.se\/de\/wp-json\/wp\/v2\/categories?post=68948"},{"taxonomy":"post_tag","embeddable":true,"href":"https:\/\/skyddaskogen.se\/de\/wp-json\/wp\/v2\/tags?post=68948"}],"curies":[{"name":"wp","href":"https:\/\/api.w.org\/{rel}","templated":true}]}}