{"id":14610,"date":"2019-11-16T17:05:19","date_gmt":"2019-11-16T16:05:19","guid":{"rendered":"http:\/\/skyddaskogen.se.hemsida.eu\/swedish-forest-with-wolf-lynx-and-capercaillie-to-be-clear-cut-and-fragmented\/"},"modified":"2020-11-27T14:59:50","modified_gmt":"2020-11-27T13:59:50","slug":"swedish-forest-with-wolf-lynx-and-capercaillie-to-be-clear-cut-and-fragmented","status":"publish","type":"post","link":"https:\/\/skyddaskogen.se\/en\/swedish-forest-with-wolf-lynx-and-capercaillie-to-be-clear-cut-and-fragmented\/","title":{"rendered":"Swedish forest with wolf, lynx and capercaillie to be clear-cut and fragmented"},"content":{"rendered":"<figure><img fetchpriority=\"high\" decoding=\"async\" class=\" size-full wp-image-14607\" src=\"http:\/\/skyddaskogen.se\/wp-content\/uploads\/2019\/11\/skyddaskogen.se_yngern_1_bjarne_tutturen.jpg\" alt=\"\" width=\"606\" height=\"294\" srcset=\"https:\/\/skyddaskogen.se\/wp-content\/uploads\/2019\/11\/skyddaskogen.se_yngern_1_bjarne_tutturen.jpg 800w, https:\/\/skyddaskogen.se\/wp-content\/uploads\/2019\/11\/skyddaskogen.se_yngern_1_bjarne_tutturen-300x146.jpg 300w, https:\/\/skyddaskogen.se\/wp-content\/uploads\/2019\/11\/skyddaskogen.se_yngern_1_bjarne_tutturen-768x372.jpg 768w\" sizes=\"(max-width: 606px) 100vw, 606px\" \/><figcaption><em>Forest at the lake Yngern, Sweden. Photo: Bjarne Tutturen<\/em><\/figcaption><\/figure>\n<p><strong>Around the lake Yngern, about 40 km southwest of Stockholm, there is still some unfragmented forests which haven\u2019t been logged yet. Wolf and lynx, capercaillie and black grouse live in the forests and by the lake the white-tailed eagle, black-throated loon, beaver and osprey breeds. Unfortunately, these forests are now planned to be clear-cut. The state-owned and FSC-certified forest company Sveaskog has submitted over 20 logging notifications just south of the lake during 2018-2019.<\/strong><\/p>\n<p>Recently a group of volunteers have been investigating the conservation values in the forests which are planned for logging at Yngsviken, southern part of lake Yngern in the county of S\u00f6dermanland. Everything is far from investigated yet but many of the species which have been found so far are red-listed and threatened. Here are a few examples:<\/p>\n<p>The endangered beetles<em> Aradus erosus<\/em> (EN) and <em>Aradus signaticornis<\/em> (EN), the crust fungus <em>Phlebia centrifuga<\/em> (VU), the moss <em>Neckera pennata<\/em> (VU), the moss<em> Lophozia<\/em> <em>ascendens<\/em> (VU), the lichen <em>Inoderma byssaceum<\/em> (VU), the fungus <em>Cortinarius cumatilis<\/em> (VU), the fungus matsutake (NT), the fungus <em>Phellinus ferrugineofuscus<\/em> (NT), the lesser spotted woodpecker (NT) the orchid <em>Goodyera repens<\/em> (NT). (EN= endangered, VU= vulnerable, NT= near threatened).<\/p>\n<p>Many of Sveaskog\u2019s notifications for logging are small but are placed next to each other. So, after the forest has been logged there will be larger areas of clear-cuttings, some of which will go all the way down to the shore of the lake. Bjarne Tutturen knows the forests well and is active in the local forest group, he says:<\/p>\n<p>\u2013 During the last couple of years, I have noted that there is a lot of logging going on here. It is a pity because there is a large and quite wild forest area which is now losing its natural values because of fragmentation. This is where you can encounter wolf, lynx, capercaillie, black grouse, boreal owl, Eurasian pygmy owl, Eurasian eagle owl, osprey, white-tailed eagle and beaver.<\/p>\n<p>According to The Swedish Species Information Centre forestry with clear-cuttings and tree plantations are the greatest threats to several of the red-listed species found in the forest. An example is the orchid Goodyera repens, whole habitats where it grows should be protected as nature reserves or biotope-protection areas, according to The Swedish Species Information Centre. South of Yngsviken there is a lot of Goodyera repens growing in the slopes down towards the lake.<\/p>\n<figure><img decoding=\"async\" class=\" size-full wp-image-14603\" src=\"http:\/\/skyddaskogen.se\/wp-content\/uploads\/2019\/11\/skyddaskogen.se_yngaren_vedtrappmossa_b_tutturen.jpg\" alt=\"\" width=\"616\" height=\"462\" srcset=\"https:\/\/skyddaskogen.se\/wp-content\/uploads\/2019\/11\/skyddaskogen.se_yngaren_vedtrappmossa_b_tutturen.jpg 900w, https:\/\/skyddaskogen.se\/wp-content\/uploads\/2019\/11\/skyddaskogen.se_yngaren_vedtrappmossa_b_tutturen-300x225.jpg 300w, https:\/\/skyddaskogen.se\/wp-content\/uploads\/2019\/11\/skyddaskogen.se_yngaren_vedtrappmossa_b_tutturen-768x576.jpg 768w\" sizes=\"(max-width: 616px) 100vw, 616px\" \/><figcaption><em>The moss Anastrophyllum hellerianum (NT). Photo: Bjarne Tutturen<\/em><\/figcaption><figcaption><\/figcaption><figcaption><\/figcaption><\/figure>\n<p>Another example is the capercaillie, which also breeds in the forest. When the forest gets more fragmented and is replaced with dense plantations, it is a disadvantage for capercaillie. The Swedish Species Information Centre states: \u201dFor a continual existence of capercaillie its habitats should be at least 25 per cent within an unfragmented forest of at least 300 hectares\u201d.<\/p>\n<p>Although the area seems quite wild it is only some miles from the urban centers of S\u00f6dert\u00e4lje, J\u00e4rna, Gnesta and Nykvarn and only about 40 kilometers from Stockholm. The forest is important for outdoor ventures, such as walking and skiing and the lake for canoeing in the summer and ice-skating in the winter. The trekking path \u201cS\u00f6rmlandsleden\u201d passes by some of the places where the forest will be logged.<\/p>\n<p>Forests like these are important to keep intact for curbing climate change. According to 11 000 scientists from 159 countries who have <a href=\"https:\/\/academic.oup.com\/bioscience\/advance-article\/doi\/10.1093\/biosci\/biz088\/5610806\">declared climate emergency<\/a>, forests around the world have to be protected since they sequester a lot of CO2, especially boreal forests. \u201cWe need to quickly curtail habitat and biodiversity loss protecting the remaining primary and intact forests, especially those with high carbon stores and other forests with the capacity to rapidly sequester carbon, while increasing reforestation and afforestation where appropriate at enormous scales\u201d.<\/p>\n<p><em>By Kristina B\u00e4ck<\/em><\/p>\n","protected":false},"excerpt":{"rendered":"<p>Forest at the lake Yngern, Sweden. Photo: Bjarne Tutturen Around the lake Yngern, about 40 km southwest of Stockholm, there is still some unfragmented forests which haven\u2019t been logged yet.&hellip;<\/p>\n","protected":false},"author":19,"featured_media":14607,"comment_status":"closed","ping_status":"open","sticky":false,"template":"","format":"standard","meta":{"give_campaign_id":0,"_price":"","_stock":"","_tribe_ticket_header":"","_tribe_default_ticket_provider":"","_tribe_ticket_capacity":"","_ticket_start_date":"","_ticket_end_date":"","_tribe_ticket_show_description":"","_tribe_ticket_show_not_going":false,"_tribe_ticket_use_global_stock":"","_tribe_ticket_global_stock_level":"","_global_stock_mode":"","_global_stock_cap":"","_tribe_rsvp_for_event":"","_tribe_ticket_going_count":"","_tribe_ticket_not_going_count":"","_tribe_tickets_list":"[]","_tribe_ticket_has_attendee_info_fields":false,"footnotes":""},"categories":[151],"tags":[],"class_list":["post-14610","post","type-post","status-publish","format-standard","has-post-thumbnail","hentry","category-press-releases"],"yoast_head":"<!-- This site is optimized with the Yoast SEO plugin v27.4 - https:\/\/yoast.com\/product\/yoast-seo-wordpress\/ -->\n<title>Swedish forest with wolf, lynx and capercaillie to be clear-cut and fragmented - Skydda Skogen<\/title>\n<meta name=\"robots\" content=\"index, follow, max-snippet:-1, max-image-preview:large, max-video-preview:-1\" \/>\n<link rel=\"canonical\" href=\"https:\/\/skyddaskogen.se\/en\/swedish-forest-with-wolf-lynx-and-capercaillie-to-be-clear-cut-and-fragmented\/\" \/>\n<meta property=\"og:locale\" content=\"en_US\" \/>\n<meta property=\"og:type\" content=\"article\" \/>\n<meta property=\"og:title\" content=\"Swedish forest with wolf, lynx and capercaillie to be clear-cut and fragmented - Skydda Skogen\" \/>\n<meta property=\"og:description\" content=\"Forest at the lake Yngern, Sweden. Photo: Bjarne Tutturen Around the lake Yngern, about 40 km southwest of Stockholm, there is still some unfragmented forests which haven\u2019t been logged yet.&hellip;\" \/>\n<meta property=\"og:url\" content=\"https:\/\/skyddaskogen.se\/en\/swedish-forest-with-wolf-lynx-and-capercaillie-to-be-clear-cut-and-fragmented\/\" \/>\n<meta property=\"og:site_name\" content=\"Skydda Skogen\" \/>\n<meta property=\"article:publisher\" content=\"https:\/\/www.facebook.com\/groups\/54996954022\/\" \/>\n<meta property=\"article:published_time\" content=\"2019-11-16T16:05:19+00:00\" \/>\n<meta property=\"article:modified_time\" content=\"2020-11-27T13:59:50+00:00\" \/>\n<meta property=\"og:image\" content=\"https:\/\/skyddaskogen.se\/wp-content\/uploads\/2019\/11\/skyddaskogen.se_yngern_1_bjarne_tutturen.jpg\" \/>\n\t<meta property=\"og:image:width\" content=\"800\" \/>\n\t<meta property=\"og:image:height\" content=\"388\" \/>\n\t<meta property=\"og:image:type\" content=\"image\/jpeg\" \/>\n<meta name=\"author\" content=\"Kristina B\u00e4ck\" \/>\n<meta name=\"twitter:card\" content=\"summary_large_image\" \/>\n<meta name=\"twitter:creator\" content=\"@skyddaskogen\" \/>\n<meta name=\"twitter:site\" content=\"@skyddaskogen\" \/>\n<meta name=\"twitter:label1\" content=\"Written by\" \/>\n\t<meta name=\"twitter:data1\" content=\"Kristina B\u00e4ck\" \/>\n\t<meta name=\"twitter:label2\" content=\"Est. reading time\" \/>\n\t<meta name=\"twitter:data2\" content=\"3 minutes\" \/>\n<script type=\"application\/ld+json\" class=\"yoast-schema-graph\">{\"@context\":\"https:\\\/\\\/schema.org\",\"@graph\":[{\"@type\":\"Article\",\"@id\":\"https:\\\/\\\/skyddaskogen.se\\\/en\\\/swedish-forest-with-wolf-lynx-and-capercaillie-to-be-clear-cut-and-fragmented\\\/#article\",\"isPartOf\":{\"@id\":\"https:\\\/\\\/skyddaskogen.se\\\/en\\\/swedish-forest-with-wolf-lynx-and-capercaillie-to-be-clear-cut-and-fragmented\\\/\"},\"author\":{\"name\":\"Kristina B\u00e4ck\",\"@id\":\"https:\\\/\\\/skyddaskogen.se\\\/#\\\/schema\\\/person\\\/d1707e6ee5adeaeafebf8dad956556da\"},\"headline\":\"Swedish forest with wolf, lynx and capercaillie to be clear-cut and fragmented\",\"datePublished\":\"2019-11-16T16:05:19+00:00\",\"dateModified\":\"2020-11-27T13:59:50+00:00\",\"mainEntityOfPage\":{\"@id\":\"https:\\\/\\\/skyddaskogen.se\\\/en\\\/swedish-forest-with-wolf-lynx-and-capercaillie-to-be-clear-cut-and-fragmented\\\/\"},\"wordCount\":638,\"publisher\":{\"@id\":\"https:\\\/\\\/skyddaskogen.se\\\/#organization\"},\"image\":{\"@id\":\"https:\\\/\\\/skyddaskogen.se\\\/en\\\/swedish-forest-with-wolf-lynx-and-capercaillie-to-be-clear-cut-and-fragmented\\\/#primaryimage\"},\"thumbnailUrl\":\"https:\\\/\\\/skyddaskogen.se\\\/wp-content\\\/uploads\\\/2019\\\/11\\\/skyddaskogen.se_yngern_1_bjarne_tutturen.jpg\",\"articleSection\":[\"Press Releases\"],\"inLanguage\":\"en-US\"},{\"@type\":\"WebPage\",\"@id\":\"https:\\\/\\\/skyddaskogen.se\\\/en\\\/swedish-forest-with-wolf-lynx-and-capercaillie-to-be-clear-cut-and-fragmented\\\/\",\"url\":\"https:\\\/\\\/skyddaskogen.se\\\/en\\\/swedish-forest-with-wolf-lynx-and-capercaillie-to-be-clear-cut-and-fragmented\\\/\",\"name\":\"Swedish forest with wolf, lynx and capercaillie to be clear-cut and fragmented - Skydda Skogen\",\"isPartOf\":{\"@id\":\"https:\\\/\\\/skyddaskogen.se\\\/#website\"},\"primaryImageOfPage\":{\"@id\":\"https:\\\/\\\/skyddaskogen.se\\\/en\\\/swedish-forest-with-wolf-lynx-and-capercaillie-to-be-clear-cut-and-fragmented\\\/#primaryimage\"},\"image\":{\"@id\":\"https:\\\/\\\/skyddaskogen.se\\\/en\\\/swedish-forest-with-wolf-lynx-and-capercaillie-to-be-clear-cut-and-fragmented\\\/#primaryimage\"},\"thumbnailUrl\":\"https:\\\/\\\/skyddaskogen.se\\\/wp-content\\\/uploads\\\/2019\\\/11\\\/skyddaskogen.se_yngern_1_bjarne_tutturen.jpg\",\"datePublished\":\"2019-11-16T16:05:19+00:00\",\"dateModified\":\"2020-11-27T13:59:50+00:00\",\"breadcrumb\":{\"@id\":\"https:\\\/\\\/skyddaskogen.se\\\/en\\\/swedish-forest-with-wolf-lynx-and-capercaillie-to-be-clear-cut-and-fragmented\\\/#breadcrumb\"},\"inLanguage\":\"en-US\",\"potentialAction\":[{\"@type\":\"ReadAction\",\"target\":[\"https:\\\/\\\/skyddaskogen.se\\\/en\\\/swedish-forest-with-wolf-lynx-and-capercaillie-to-be-clear-cut-and-fragmented\\\/\"]}]},{\"@type\":\"ImageObject\",\"inLanguage\":\"en-US\",\"@id\":\"https:\\\/\\\/skyddaskogen.se\\\/en\\\/swedish-forest-with-wolf-lynx-and-capercaillie-to-be-clear-cut-and-fragmented\\\/#primaryimage\",\"url\":\"https:\\\/\\\/skyddaskogen.se\\\/wp-content\\\/uploads\\\/2019\\\/11\\\/skyddaskogen.se_yngern_1_bjarne_tutturen.jpg\",\"contentUrl\":\"https:\\\/\\\/skyddaskogen.se\\\/wp-content\\\/uploads\\\/2019\\\/11\\\/skyddaskogen.se_yngern_1_bjarne_tutturen.jpg\",\"width\":800,\"height\":388},{\"@type\":\"BreadcrumbList\",\"@id\":\"https:\\\/\\\/skyddaskogen.se\\\/en\\\/swedish-forest-with-wolf-lynx-and-capercaillie-to-be-clear-cut-and-fragmented\\\/#breadcrumb\",\"itemListElement\":[{\"@type\":\"ListItem\",\"position\":1,\"name\":\"Home\",\"item\":\"https:\\\/\\\/skyddaskogen.se\\\/en\\\/protect-the-forest\\\/\"},{\"@type\":\"ListItem\",\"position\":2,\"name\":\"Swedish forest with wolf, lynx and capercaillie to be clear-cut and fragmented\"}]},{\"@type\":\"WebSite\",\"@id\":\"https:\\\/\\\/skyddaskogen.se\\\/#website\",\"url\":\"https:\\\/\\\/skyddaskogen.se\\\/\",\"name\":\"Skydda Skogen\",\"description\":\"For the protection of old forests and natural near-farms\",\"publisher\":{\"@id\":\"https:\\\/\\\/skyddaskogen.se\\\/#organization\"},\"potentialAction\":[{\"@type\":\"SearchAction\",\"target\":{\"@type\":\"EntryPoint\",\"urlTemplate\":\"https:\\\/\\\/skyddaskogen.se\\\/?s={search_term_string}\"},\"query-input\":{\"@type\":\"PropertyValueSpecification\",\"valueRequired\":true,\"valueName\":\"search_term_string\"}}],\"inLanguage\":\"en-US\"},{\"@type\":\"Organization\",\"@id\":\"https:\\\/\\\/skyddaskogen.se\\\/#organization\",\"name\":\"Skydda Skogen\",\"url\":\"https:\\\/\\\/skyddaskogen.se\\\/\",\"logo\":{\"@type\":\"ImageObject\",\"inLanguage\":\"en-US\",\"@id\":\"https:\\\/\\\/skyddaskogen.se\\\/#\\\/schema\\\/logo\\\/image\\\/\",\"url\":\"https:\\\/\\\/skyddaskogen.se\\\/wp-content\\\/uploads\\\/2020\\\/09\\\/skyddaskogen.se_favicon-1.png\",\"contentUrl\":\"https:\\\/\\\/skyddaskogen.se\\\/wp-content\\\/uploads\\\/2020\\\/09\\\/skyddaskogen.se_favicon-1.png\",\"width\":256,\"height\":256,\"caption\":\"Skydda Skogen\"},\"image\":{\"@id\":\"https:\\\/\\\/skyddaskogen.se\\\/#\\\/schema\\\/logo\\\/image\\\/\"},\"sameAs\":[\"https:\\\/\\\/www.facebook.com\\\/groups\\\/54996954022\\\/\",\"https:\\\/\\\/x.com\\\/skyddaskogen\",\"https:\\\/\\\/www.instagram.com\\\/skyddaskogen\\\/\",\"https:\\\/\\\/www.youtube.com\\\/channel\\\/UCHJVIc9sptUj-qPek3Imitw\"]},{\"@type\":\"Person\",\"@id\":\"https:\\\/\\\/skyddaskogen.se\\\/#\\\/schema\\\/person\\\/d1707e6ee5adeaeafebf8dad956556da\",\"name\":\"Kristina B\u00e4ck\",\"image\":{\"@type\":\"ImageObject\",\"inLanguage\":\"en-US\",\"@id\":\"https:\\\/\\\/skyddaskogen.se\\\/wp-content\\\/uploads\\\/2024\\\/05\\\/about-logo-120x120.png\",\"url\":\"https:\\\/\\\/skyddaskogen.se\\\/wp-content\\\/uploads\\\/2024\\\/05\\\/about-logo-120x120.png\",\"contentUrl\":\"https:\\\/\\\/skyddaskogen.se\\\/wp-content\\\/uploads\\\/2024\\\/05\\\/about-logo-120x120.png\",\"caption\":\"Kristina B\u00e4ck\"},\"url\":\"https:\\\/\\\/skyddaskogen.se\\\/en\\\/author\\\/kristina\\\/\"}]}<\/script>\n<!-- \/ Yoast SEO plugin. -->","yoast_head_json":{"title":"Swedish forest with wolf, lynx and capercaillie to be clear-cut and fragmented - Skydda Skogen","robots":{"index":"index","follow":"follow","max-snippet":"max-snippet:-1","max-image-preview":"max-image-preview:large","max-video-preview":"max-video-preview:-1"},"canonical":"https:\/\/skyddaskogen.se\/en\/swedish-forest-with-wolf-lynx-and-capercaillie-to-be-clear-cut-and-fragmented\/","og_locale":"en_US","og_type":"article","og_title":"Swedish forest with wolf, lynx and capercaillie to be clear-cut and fragmented - Skydda Skogen","og_description":"Forest at the lake Yngern, Sweden. Photo: Bjarne Tutturen Around the lake Yngern, about 40 km southwest of Stockholm, there is still some unfragmented forests which haven\u2019t been logged yet.&hellip;","og_url":"https:\/\/skyddaskogen.se\/en\/swedish-forest-with-wolf-lynx-and-capercaillie-to-be-clear-cut-and-fragmented\/","og_site_name":"Skydda Skogen","article_publisher":"https:\/\/www.facebook.com\/groups\/54996954022\/","article_published_time":"2019-11-16T16:05:19+00:00","article_modified_time":"2020-11-27T13:59:50+00:00","og_image":[{"width":800,"height":388,"url":"https:\/\/skyddaskogen.se\/wp-content\/uploads\/2019\/11\/skyddaskogen.se_yngern_1_bjarne_tutturen.jpg","type":"image\/jpeg"}],"author":"Kristina B\u00e4ck","twitter_card":"summary_large_image","twitter_creator":"@skyddaskogen","twitter_site":"@skyddaskogen","twitter_misc":{"Written by":"Kristina B\u00e4ck","Est. reading time":"3 minutes"},"schema":{"@context":"https:\/\/schema.org","@graph":[{"@type":"Article","@id":"https:\/\/skyddaskogen.se\/en\/swedish-forest-with-wolf-lynx-and-capercaillie-to-be-clear-cut-and-fragmented\/#article","isPartOf":{"@id":"https:\/\/skyddaskogen.se\/en\/swedish-forest-with-wolf-lynx-and-capercaillie-to-be-clear-cut-and-fragmented\/"},"author":{"name":"Kristina B\u00e4ck","@id":"https:\/\/skyddaskogen.se\/#\/schema\/person\/d1707e6ee5adeaeafebf8dad956556da"},"headline":"Swedish forest with wolf, lynx and capercaillie to be clear-cut and fragmented","datePublished":"2019-11-16T16:05:19+00:00","dateModified":"2020-11-27T13:59:50+00:00","mainEntityOfPage":{"@id":"https:\/\/skyddaskogen.se\/en\/swedish-forest-with-wolf-lynx-and-capercaillie-to-be-clear-cut-and-fragmented\/"},"wordCount":638,"publisher":{"@id":"https:\/\/skyddaskogen.se\/#organization"},"image":{"@id":"https:\/\/skyddaskogen.se\/en\/swedish-forest-with-wolf-lynx-and-capercaillie-to-be-clear-cut-and-fragmented\/#primaryimage"},"thumbnailUrl":"https:\/\/skyddaskogen.se\/wp-content\/uploads\/2019\/11\/skyddaskogen.se_yngern_1_bjarne_tutturen.jpg","articleSection":["Press Releases"],"inLanguage":"en-US"},{"@type":"WebPage","@id":"https:\/\/skyddaskogen.se\/en\/swedish-forest-with-wolf-lynx-and-capercaillie-to-be-clear-cut-and-fragmented\/","url":"https:\/\/skyddaskogen.se\/en\/swedish-forest-with-wolf-lynx-and-capercaillie-to-be-clear-cut-and-fragmented\/","name":"Swedish forest with wolf, lynx and capercaillie to be clear-cut and fragmented - Skydda Skogen","isPartOf":{"@id":"https:\/\/skyddaskogen.se\/#website"},"primaryImageOfPage":{"@id":"https:\/\/skyddaskogen.se\/en\/swedish-forest-with-wolf-lynx-and-capercaillie-to-be-clear-cut-and-fragmented\/#primaryimage"},"image":{"@id":"https:\/\/skyddaskogen.se\/en\/swedish-forest-with-wolf-lynx-and-capercaillie-to-be-clear-cut-and-fragmented\/#primaryimage"},"thumbnailUrl":"https:\/\/skyddaskogen.se\/wp-content\/uploads\/2019\/11\/skyddaskogen.se_yngern_1_bjarne_tutturen.jpg","datePublished":"2019-11-16T16:05:19+00:00","dateModified":"2020-11-27T13:59:50+00:00","breadcrumb":{"@id":"https:\/\/skyddaskogen.se\/en\/swedish-forest-with-wolf-lynx-and-capercaillie-to-be-clear-cut-and-fragmented\/#breadcrumb"},"inLanguage":"en-US","potentialAction":[{"@type":"ReadAction","target":["https:\/\/skyddaskogen.se\/en\/swedish-forest-with-wolf-lynx-and-capercaillie-to-be-clear-cut-and-fragmented\/"]}]},{"@type":"ImageObject","inLanguage":"en-US","@id":"https:\/\/skyddaskogen.se\/en\/swedish-forest-with-wolf-lynx-and-capercaillie-to-be-clear-cut-and-fragmented\/#primaryimage","url":"https:\/\/skyddaskogen.se\/wp-content\/uploads\/2019\/11\/skyddaskogen.se_yngern_1_bjarne_tutturen.jpg","contentUrl":"https:\/\/skyddaskogen.se\/wp-content\/uploads\/2019\/11\/skyddaskogen.se_yngern_1_bjarne_tutturen.jpg","width":800,"height":388},{"@type":"BreadcrumbList","@id":"https:\/\/skyddaskogen.se\/en\/swedish-forest-with-wolf-lynx-and-capercaillie-to-be-clear-cut-and-fragmented\/#breadcrumb","itemListElement":[{"@type":"ListItem","position":1,"name":"Home","item":"https:\/\/skyddaskogen.se\/en\/protect-the-forest\/"},{"@type":"ListItem","position":2,"name":"Swedish forest with wolf, lynx and capercaillie to be clear-cut and fragmented"}]},{"@type":"WebSite","@id":"https:\/\/skyddaskogen.se\/#website","url":"https:\/\/skyddaskogen.se\/","name":"Skydda Skogen","description":"For the protection of old forests and natural near-farms","publisher":{"@id":"https:\/\/skyddaskogen.se\/#organization"},"potentialAction":[{"@type":"SearchAction","target":{"@type":"EntryPoint","urlTemplate":"https:\/\/skyddaskogen.se\/?s={search_term_string}"},"query-input":{"@type":"PropertyValueSpecification","valueRequired":true,"valueName":"search_term_string"}}],"inLanguage":"en-US"},{"@type":"Organization","@id":"https:\/\/skyddaskogen.se\/#organization","name":"Skydda Skogen","url":"https:\/\/skyddaskogen.se\/","logo":{"@type":"ImageObject","inLanguage":"en-US","@id":"https:\/\/skyddaskogen.se\/#\/schema\/logo\/image\/","url":"https:\/\/skyddaskogen.se\/wp-content\/uploads\/2020\/09\/skyddaskogen.se_favicon-1.png","contentUrl":"https:\/\/skyddaskogen.se\/wp-content\/uploads\/2020\/09\/skyddaskogen.se_favicon-1.png","width":256,"height":256,"caption":"Skydda Skogen"},"image":{"@id":"https:\/\/skyddaskogen.se\/#\/schema\/logo\/image\/"},"sameAs":["https:\/\/www.facebook.com\/groups\/54996954022\/","https:\/\/x.com\/skyddaskogen","https:\/\/www.instagram.com\/skyddaskogen\/","https:\/\/www.youtube.com\/channel\/UCHJVIc9sptUj-qPek3Imitw"]},{"@type":"Person","@id":"https:\/\/skyddaskogen.se\/#\/schema\/person\/d1707e6ee5adeaeafebf8dad956556da","name":"Kristina B\u00e4ck","image":{"@type":"ImageObject","inLanguage":"en-US","@id":"https:\/\/skyddaskogen.se\/wp-content\/uploads\/2024\/05\/about-logo-120x120.png","url":"https:\/\/skyddaskogen.se\/wp-content\/uploads\/2024\/05\/about-logo-120x120.png","contentUrl":"https:\/\/skyddaskogen.se\/wp-content\/uploads\/2024\/05\/about-logo-120x120.png","caption":"Kristina B\u00e4ck"},"url":"https:\/\/skyddaskogen.se\/en\/author\/kristina\/"}]}},"_links":{"self":[{"href":"https:\/\/skyddaskogen.se\/en\/wp-json\/wp\/v2\/posts\/14610","targetHints":{"allow":["GET"]}}],"collection":[{"href":"https:\/\/skyddaskogen.se\/en\/wp-json\/wp\/v2\/posts"}],"about":[{"href":"https:\/\/skyddaskogen.se\/en\/wp-json\/wp\/v2\/types\/post"}],"author":[{"embeddable":true,"href":"https:\/\/skyddaskogen.se\/en\/wp-json\/wp\/v2\/users\/19"}],"replies":[{"embeddable":true,"href":"https:\/\/skyddaskogen.se\/en\/wp-json\/wp\/v2\/comments?post=14610"}],"version-history":[{"count":1,"href":"https:\/\/skyddaskogen.se\/en\/wp-json\/wp\/v2\/posts\/14610\/revisions"}],"predecessor-version":[{"id":18962,"href":"https:\/\/skyddaskogen.se\/en\/wp-json\/wp\/v2\/posts\/14610\/revisions\/18962"}],"wp:featuredmedia":[{"embeddable":true,"href":"https:\/\/skyddaskogen.se\/en\/wp-json\/wp\/v2\/media\/14607"}],"wp:attachment":[{"href":"https:\/\/skyddaskogen.se\/en\/wp-json\/wp\/v2\/media?parent=14610"}],"wp:term":[{"taxonomy":"category","embeddable":true,"href":"https:\/\/skyddaskogen.se\/en\/wp-json\/wp\/v2\/categories?post=14610"},{"taxonomy":"post_tag","embeddable":true,"href":"https:\/\/skyddaskogen.se\/en\/wp-json\/wp\/v2\/tags?post=14610"}],"curies":[{"name":"wp","href":"https:\/\/api.w.org\/{rel}","templated":true}]}}