{"id":14661,"date":"2019-12-19T07:24:58","date_gmt":"2019-12-19T06:24:58","guid":{"rendered":"http:\/\/skyddaskogen.se.hemsida.eu\/governor-s-reply-to-the-ngo-s-not-realistic-to-only-impose-formal-protection-at-gasberget\/"},"modified":"2020-11-27T14:59:50","modified_gmt":"2020-11-27T13:59:50","slug":"governor-s-reply-to-the-ngo-s-not-realistic-to-only-impose-formal-protection-at-gasberget","status":"publish","type":"post","link":"https:\/\/skyddaskogen.se\/en\/governor-s-reply-to-the-ngo-s-not-realistic-to-only-impose-formal-protection-at-gasberget\/","title":{"rendered":"Governor\u2019s reply to the NGOs: \u201cNot realistic to only establish formal protection at G\u00e5sberget\u201d"},"content":{"rendered":"<figure><img fetchpriority=\"high\" decoding=\"async\" class=\" size-full wp-image-13889\" src=\"http:\/\/skyddaskogen.se\/wp-content\/uploads\/2018\/12\/skyddaskogen.se_1.ore-forest-landscape.-photo-sebastian-kirppu.jpeg\" alt=\"\" width=\"571\" height=\"428\" \/><figcaption><em>Ore Forest Landscape, threatened by logging. Photo: Private.<\/em><\/figcaption><\/figure>\n<p><strong>Ylva Th\u00f6rn, governor in the county of Dalarna in Sweden, sends a reply to a letter sent from the organizations Protect the Forest, the Swedish Society for Nature Conservation (SSNC) in R\u00e4ttvik and Nature and Youth in Sweden about the project \u201cGreen infrastructure in G\u00e5sberget\u2019s forest landscape\u201d. The NGOs call for more protection of the forests and that the governor and authorities need to stand up for environmental goals.<\/strong><\/p>\n<p>Governor Ylva Th\u00f6rn writes in her answer to the organizations:<\/p>\n<p>\u201d<em>In a time when forest is important for future society there must be a way to conduct sustainable forestry, even in the valuable forest landscape of G\u00e5sberget. Therefore, we don\u2019t find it realistic to solely impose formal protection in the area. We need to work on a plan for the whole area\u201d. <\/em><\/p>\n<p>The project \u201d<a href=\"https:\/\/www.lansstyrelsen.se\/dalarna\/tjanster\/publikationer\/2019\/projektet-gron-infrastruktur-i-gasbergets-vardetrakt.html\"><strong>Gr\u00f6n infrastruktur i G\u00e5sbergets v\u00e4rdetrakt<\/strong><\/a>\u201d (Green infrastructure in G\u00e5sberget\u2019s valuable forest landscape) is a collaboration project with many actors- the County Administrative Board, the Swedish Forest Agency, the forestry companies Sveaskog and Stora Enso and the Swedish University of Agricultural Sciences (SLU). According to the NGO&#8217;s, there is not enough emphasis on need for protection in the project. Furthermore, the Swedish Society for Nature Conservation has been excluded from the project, even though they stand for a legitimate common interest. \u00a0<\/p>\n<p>The forest landscape around G\u00e5sberget is one of northwestern Europe\u2019s largest and most valuable natural pine forest landscapes and it needs urgent protection.<\/p>\n<p>Ylva Th\u00f6rn writes that sustainable forestry will be conducted whilst biodiversity will be preserved in the forests around G\u00e5sberget. Formal protection, logging and consideration for the forest conservation values is planned so that the green infrastructure remains intact. Protect the Forest would like to know how this will be possible. The organization states that there should be no forestry at all in forests with high conservation values at G\u00e5sberget and in Ore Forest Landscape. This is an approach which is in line with conservation work and with national and international environmental goals, not even \u201csustainable forestry\u201d should take place in forests with high conservation values.<\/p>\n<p>In addition, Ylva Th\u00f6rn states that \u201d25% of the area is already protected, in both formal and voluntary ways\u201d but both Protect the Forest and SSNC in R\u00e4ttvik have previously questioned this figure. According to SSNC in R\u00e4ttvik the amount of formally protected forest in G\u00e5sberget is only 5% and in the whole county of Dalarna only 3%.<\/p>\n<p>SSNC in R\u00e4ttvik has conducted inventories of the forests at G\u00e5sberget. It is unacceptable that they are excluded from taking part in the green infrastructure project, according to the NGOs since SSNC has a legimate common interest.\u00a0 Ylva Th\u00f6rn says that there was an open seminar where everyone was invited to take part and that SSNC was there too. She states:<\/p>\n<p>\u201d<em>We are sorry to hear that the SSNC find themselves neglected but we imply that their inventories, petitions and opinions at the seminar are important and valued in our ongoing work\u201d<\/em><\/p>\n<p>In the outskirts of G\u00e5sberget\u2019s forests and within Ore Forest Landscape there are also plans to establish two large wind farms. Protect the Forest state that the planned wind farms will have a strong negative impact on biodiversity, landscape ecology, the visual impression, noise disturbance, tourism, outdoor life and recreational opportunities. The organization calls for a landscape ecological analysis of the cumulative effects of the two wind farms and demands that both permit applications for the wind farms are rejected.<\/p>\n<p><em>By Kristina B\u00e4ck<\/em><\/p>\n<p>\u00a0<\/p>\n","protected":false},"excerpt":{"rendered":"<p>Ore Forest Landscape, threatened by logging. Photo: Private. Ylva Th\u00f6rn, governor in the county of Dalarna in Sweden, sends a reply to a letter sent from the organizations Protect the&hellip;<\/p>\n","protected":false},"author":19,"featured_media":13889,"comment_status":"closed","ping_status":"open","sticky":false,"template":"","format":"standard","meta":{"give_campaign_id":0,"_price":"","_stock":"","_tribe_ticket_header":"","_tribe_default_ticket_provider":"","_tribe_ticket_capacity":"","_ticket_start_date":"","_ticket_end_date":"","_tribe_ticket_show_description":"","_tribe_ticket_show_not_going":false,"_tribe_ticket_use_global_stock":"","_tribe_ticket_global_stock_level":"","_global_stock_mode":"","_global_stock_cap":"","_tribe_rsvp_for_event":"","_tribe_ticket_going_count":"","_tribe_ticket_not_going_count":"","_tribe_tickets_list":"[]","_tribe_ticket_has_attendee_info_fields":false,"footnotes":""},"categories":[151],"tags":[],"class_list":["post-14661","post","type-post","status-publish","format-standard","has-post-thumbnail","hentry","category-press-releases"],"yoast_head":"<!-- This site is optimized with the Yoast SEO plugin v27.4 - https:\/\/yoast.com\/product\/yoast-seo-wordpress\/ -->\n<title>Governor\u2019s reply to the NGOs: \u201cNot realistic to only establish formal protection at G\u00e5sberget\u201d - Skydda Skogen<\/title>\n<meta name=\"robots\" content=\"index, follow, max-snippet:-1, max-image-preview:large, max-video-preview:-1\" \/>\n<link rel=\"canonical\" href=\"https:\/\/skyddaskogen.se\/en\/governor-s-reply-to-the-ngo-s-not-realistic-to-only-impose-formal-protection-at-gasberget\/\" \/>\n<meta property=\"og:locale\" content=\"en_US\" \/>\n<meta property=\"og:type\" content=\"article\" \/>\n<meta property=\"og:title\" content=\"Governor\u2019s reply to the NGOs: \u201cNot realistic to only establish formal protection at G\u00e5sberget\u201d - Skydda Skogen\" \/>\n<meta property=\"og:description\" content=\"Ore Forest Landscape, threatened by logging. Photo: Private. Ylva Th\u00f6rn, governor in the county of Dalarna in Sweden, sends a reply to a letter sent from the organizations Protect the&hellip;\" \/>\n<meta property=\"og:url\" content=\"https:\/\/skyddaskogen.se\/en\/governor-s-reply-to-the-ngo-s-not-realistic-to-only-impose-formal-protection-at-gasberget\/\" \/>\n<meta property=\"og:site_name\" content=\"Skydda Skogen\" \/>\n<meta property=\"article:publisher\" content=\"https:\/\/www.facebook.com\/groups\/54996954022\/\" \/>\n<meta property=\"article:published_time\" content=\"2019-12-19T06:24:58+00:00\" \/>\n<meta property=\"article:modified_time\" content=\"2020-11-27T13:59:50+00:00\" \/>\n<meta property=\"og:image\" content=\"https:\/\/skyddaskogen.se\/wp-content\/uploads\/2018\/12\/skyddaskogen.se_1.ore-forest-landscape.-photo-sebastian-kirppu.jpeg\" \/>\n\t<meta property=\"og:image:width\" content=\"800\" \/>\n\t<meta property=\"og:image:height\" content=\"600\" \/>\n\t<meta property=\"og:image:type\" content=\"image\/jpeg\" \/>\n<meta name=\"author\" content=\"Kristina B\u00e4ck\" \/>\n<meta name=\"twitter:card\" content=\"summary_large_image\" \/>\n<meta name=\"twitter:creator\" content=\"@skyddaskogen\" \/>\n<meta name=\"twitter:site\" content=\"@skyddaskogen\" \/>\n<meta name=\"twitter:label1\" content=\"Written by\" \/>\n\t<meta name=\"twitter:data1\" content=\"Kristina B\u00e4ck\" \/>\n\t<meta name=\"twitter:label2\" content=\"Est. reading time\" \/>\n\t<meta name=\"twitter:data2\" content=\"3 minutes\" \/>\n<script type=\"application\/ld+json\" class=\"yoast-schema-graph\">{\"@context\":\"https:\\\/\\\/schema.org\",\"@graph\":[{\"@type\":\"Article\",\"@id\":\"https:\\\/\\\/skyddaskogen.se\\\/en\\\/governor-s-reply-to-the-ngo-s-not-realistic-to-only-impose-formal-protection-at-gasberget\\\/#article\",\"isPartOf\":{\"@id\":\"https:\\\/\\\/skyddaskogen.se\\\/en\\\/governor-s-reply-to-the-ngo-s-not-realistic-to-only-impose-formal-protection-at-gasberget\\\/\"},\"author\":{\"name\":\"Kristina B\u00e4ck\",\"@id\":\"https:\\\/\\\/skyddaskogen.se\\\/#\\\/schema\\\/person\\\/d1707e6ee5adeaeafebf8dad956556da\"},\"headline\":\"Governor\u2019s reply to the NGOs: \u201cNot realistic to only establish formal protection at G\u00e5sberget\u201d\",\"datePublished\":\"2019-12-19T06:24:58+00:00\",\"dateModified\":\"2020-11-27T13:59:50+00:00\",\"mainEntityOfPage\":{\"@id\":\"https:\\\/\\\/skyddaskogen.se\\\/en\\\/governor-s-reply-to-the-ngo-s-not-realistic-to-only-impose-formal-protection-at-gasberget\\\/\"},\"wordCount\":623,\"publisher\":{\"@id\":\"https:\\\/\\\/skyddaskogen.se\\\/#organization\"},\"image\":{\"@id\":\"https:\\\/\\\/skyddaskogen.se\\\/en\\\/governor-s-reply-to-the-ngo-s-not-realistic-to-only-impose-formal-protection-at-gasberget\\\/#primaryimage\"},\"thumbnailUrl\":\"https:\\\/\\\/skyddaskogen.se\\\/wp-content\\\/uploads\\\/2018\\\/12\\\/skyddaskogen.se_1.ore-forest-landscape.-photo-sebastian-kirppu.jpeg\",\"articleSection\":[\"Press Releases\"],\"inLanguage\":\"en-US\"},{\"@type\":\"WebPage\",\"@id\":\"https:\\\/\\\/skyddaskogen.se\\\/en\\\/governor-s-reply-to-the-ngo-s-not-realistic-to-only-impose-formal-protection-at-gasberget\\\/\",\"url\":\"https:\\\/\\\/skyddaskogen.se\\\/en\\\/governor-s-reply-to-the-ngo-s-not-realistic-to-only-impose-formal-protection-at-gasberget\\\/\",\"name\":\"Governor\u2019s reply to the NGOs: \u201cNot realistic to only establish formal protection at G\u00e5sberget\u201d - Skydda Skogen\",\"isPartOf\":{\"@id\":\"https:\\\/\\\/skyddaskogen.se\\\/#website\"},\"primaryImageOfPage\":{\"@id\":\"https:\\\/\\\/skyddaskogen.se\\\/en\\\/governor-s-reply-to-the-ngo-s-not-realistic-to-only-impose-formal-protection-at-gasberget\\\/#primaryimage\"},\"image\":{\"@id\":\"https:\\\/\\\/skyddaskogen.se\\\/en\\\/governor-s-reply-to-the-ngo-s-not-realistic-to-only-impose-formal-protection-at-gasberget\\\/#primaryimage\"},\"thumbnailUrl\":\"https:\\\/\\\/skyddaskogen.se\\\/wp-content\\\/uploads\\\/2018\\\/12\\\/skyddaskogen.se_1.ore-forest-landscape.-photo-sebastian-kirppu.jpeg\",\"datePublished\":\"2019-12-19T06:24:58+00:00\",\"dateModified\":\"2020-11-27T13:59:50+00:00\",\"breadcrumb\":{\"@id\":\"https:\\\/\\\/skyddaskogen.se\\\/en\\\/governor-s-reply-to-the-ngo-s-not-realistic-to-only-impose-formal-protection-at-gasberget\\\/#breadcrumb\"},\"inLanguage\":\"en-US\",\"potentialAction\":[{\"@type\":\"ReadAction\",\"target\":[\"https:\\\/\\\/skyddaskogen.se\\\/en\\\/governor-s-reply-to-the-ngo-s-not-realistic-to-only-impose-formal-protection-at-gasberget\\\/\"]}]},{\"@type\":\"ImageObject\",\"inLanguage\":\"en-US\",\"@id\":\"https:\\\/\\\/skyddaskogen.se\\\/en\\\/governor-s-reply-to-the-ngo-s-not-realistic-to-only-impose-formal-protection-at-gasberget\\\/#primaryimage\",\"url\":\"https:\\\/\\\/skyddaskogen.se\\\/wp-content\\\/uploads\\\/2018\\\/12\\\/skyddaskogen.se_1.ore-forest-landscape.-photo-sebastian-kirppu.jpeg\",\"contentUrl\":\"https:\\\/\\\/skyddaskogen.se\\\/wp-content\\\/uploads\\\/2018\\\/12\\\/skyddaskogen.se_1.ore-forest-landscape.-photo-sebastian-kirppu.jpeg\",\"width\":800,\"height\":600},{\"@type\":\"BreadcrumbList\",\"@id\":\"https:\\\/\\\/skyddaskogen.se\\\/en\\\/governor-s-reply-to-the-ngo-s-not-realistic-to-only-impose-formal-protection-at-gasberget\\\/#breadcrumb\",\"itemListElement\":[{\"@type\":\"ListItem\",\"position\":1,\"name\":\"Home\",\"item\":\"https:\\\/\\\/skyddaskogen.se\\\/en\\\/protect-the-forest\\\/\"},{\"@type\":\"ListItem\",\"position\":2,\"name\":\"Governor\u2019s reply to the NGOs: \u201cNot realistic to only establish formal protection at G\u00e5sberget\u201d\"}]},{\"@type\":\"WebSite\",\"@id\":\"https:\\\/\\\/skyddaskogen.se\\\/#website\",\"url\":\"https:\\\/\\\/skyddaskogen.se\\\/\",\"name\":\"Skydda Skogen\",\"description\":\"For the protection of old forests and natural near-farms\",\"publisher\":{\"@id\":\"https:\\\/\\\/skyddaskogen.se\\\/#organization\"},\"potentialAction\":[{\"@type\":\"SearchAction\",\"target\":{\"@type\":\"EntryPoint\",\"urlTemplate\":\"https:\\\/\\\/skyddaskogen.se\\\/?s={search_term_string}\"},\"query-input\":{\"@type\":\"PropertyValueSpecification\",\"valueRequired\":true,\"valueName\":\"search_term_string\"}}],\"inLanguage\":\"en-US\"},{\"@type\":\"Organization\",\"@id\":\"https:\\\/\\\/skyddaskogen.se\\\/#organization\",\"name\":\"Skydda Skogen\",\"url\":\"https:\\\/\\\/skyddaskogen.se\\\/\",\"logo\":{\"@type\":\"ImageObject\",\"inLanguage\":\"en-US\",\"@id\":\"https:\\\/\\\/skyddaskogen.se\\\/#\\\/schema\\\/logo\\\/image\\\/\",\"url\":\"https:\\\/\\\/skyddaskogen.se\\\/wp-content\\\/uploads\\\/2020\\\/09\\\/skyddaskogen.se_favicon-1.png\",\"contentUrl\":\"https:\\\/\\\/skyddaskogen.se\\\/wp-content\\\/uploads\\\/2020\\\/09\\\/skyddaskogen.se_favicon-1.png\",\"width\":256,\"height\":256,\"caption\":\"Skydda Skogen\"},\"image\":{\"@id\":\"https:\\\/\\\/skyddaskogen.se\\\/#\\\/schema\\\/logo\\\/image\\\/\"},\"sameAs\":[\"https:\\\/\\\/www.facebook.com\\\/groups\\\/54996954022\\\/\",\"https:\\\/\\\/x.com\\\/skyddaskogen\",\"https:\\\/\\\/www.instagram.com\\\/skyddaskogen\\\/\",\"https:\\\/\\\/www.youtube.com\\\/channel\\\/UCHJVIc9sptUj-qPek3Imitw\"]},{\"@type\":\"Person\",\"@id\":\"https:\\\/\\\/skyddaskogen.se\\\/#\\\/schema\\\/person\\\/d1707e6ee5adeaeafebf8dad956556da\",\"name\":\"Kristina B\u00e4ck\",\"image\":{\"@type\":\"ImageObject\",\"inLanguage\":\"en-US\",\"@id\":\"https:\\\/\\\/skyddaskogen.se\\\/wp-content\\\/uploads\\\/2024\\\/05\\\/about-logo-120x120.png\",\"url\":\"https:\\\/\\\/skyddaskogen.se\\\/wp-content\\\/uploads\\\/2024\\\/05\\\/about-logo-120x120.png\",\"contentUrl\":\"https:\\\/\\\/skyddaskogen.se\\\/wp-content\\\/uploads\\\/2024\\\/05\\\/about-logo-120x120.png\",\"caption\":\"Kristina B\u00e4ck\"},\"url\":\"https:\\\/\\\/skyddaskogen.se\\\/en\\\/author\\\/kristina\\\/\"}]}<\/script>\n<!-- \/ Yoast SEO plugin. -->","yoast_head_json":{"title":"Governor\u2019s reply to the NGOs: \u201cNot realistic to only establish formal protection at G\u00e5sberget\u201d - Skydda Skogen","robots":{"index":"index","follow":"follow","max-snippet":"max-snippet:-1","max-image-preview":"max-image-preview:large","max-video-preview":"max-video-preview:-1"},"canonical":"https:\/\/skyddaskogen.se\/en\/governor-s-reply-to-the-ngo-s-not-realistic-to-only-impose-formal-protection-at-gasberget\/","og_locale":"en_US","og_type":"article","og_title":"Governor\u2019s reply to the NGOs: \u201cNot realistic to only establish formal protection at G\u00e5sberget\u201d - Skydda Skogen","og_description":"Ore Forest Landscape, threatened by logging. Photo: Private. Ylva Th\u00f6rn, governor in the county of Dalarna in Sweden, sends a reply to a letter sent from the organizations Protect the&hellip;","og_url":"https:\/\/skyddaskogen.se\/en\/governor-s-reply-to-the-ngo-s-not-realistic-to-only-impose-formal-protection-at-gasberget\/","og_site_name":"Skydda Skogen","article_publisher":"https:\/\/www.facebook.com\/groups\/54996954022\/","article_published_time":"2019-12-19T06:24:58+00:00","article_modified_time":"2020-11-27T13:59:50+00:00","og_image":[{"width":800,"height":600,"url":"https:\/\/skyddaskogen.se\/wp-content\/uploads\/2018\/12\/skyddaskogen.se_1.ore-forest-landscape.-photo-sebastian-kirppu.jpeg","type":"image\/jpeg"}],"author":"Kristina B\u00e4ck","twitter_card":"summary_large_image","twitter_creator":"@skyddaskogen","twitter_site":"@skyddaskogen","twitter_misc":{"Written by":"Kristina B\u00e4ck","Est. reading time":"3 minutes"},"schema":{"@context":"https:\/\/schema.org","@graph":[{"@type":"Article","@id":"https:\/\/skyddaskogen.se\/en\/governor-s-reply-to-the-ngo-s-not-realistic-to-only-impose-formal-protection-at-gasberget\/#article","isPartOf":{"@id":"https:\/\/skyddaskogen.se\/en\/governor-s-reply-to-the-ngo-s-not-realistic-to-only-impose-formal-protection-at-gasberget\/"},"author":{"name":"Kristina B\u00e4ck","@id":"https:\/\/skyddaskogen.se\/#\/schema\/person\/d1707e6ee5adeaeafebf8dad956556da"},"headline":"Governor\u2019s reply to the NGOs: \u201cNot realistic to only establish formal protection at G\u00e5sberget\u201d","datePublished":"2019-12-19T06:24:58+00:00","dateModified":"2020-11-27T13:59:50+00:00","mainEntityOfPage":{"@id":"https:\/\/skyddaskogen.se\/en\/governor-s-reply-to-the-ngo-s-not-realistic-to-only-impose-formal-protection-at-gasberget\/"},"wordCount":623,"publisher":{"@id":"https:\/\/skyddaskogen.se\/#organization"},"image":{"@id":"https:\/\/skyddaskogen.se\/en\/governor-s-reply-to-the-ngo-s-not-realistic-to-only-impose-formal-protection-at-gasberget\/#primaryimage"},"thumbnailUrl":"https:\/\/skyddaskogen.se\/wp-content\/uploads\/2018\/12\/skyddaskogen.se_1.ore-forest-landscape.-photo-sebastian-kirppu.jpeg","articleSection":["Press Releases"],"inLanguage":"en-US"},{"@type":"WebPage","@id":"https:\/\/skyddaskogen.se\/en\/governor-s-reply-to-the-ngo-s-not-realistic-to-only-impose-formal-protection-at-gasberget\/","url":"https:\/\/skyddaskogen.se\/en\/governor-s-reply-to-the-ngo-s-not-realistic-to-only-impose-formal-protection-at-gasberget\/","name":"Governor\u2019s reply to the NGOs: \u201cNot realistic to only establish formal protection at G\u00e5sberget\u201d - Skydda Skogen","isPartOf":{"@id":"https:\/\/skyddaskogen.se\/#website"},"primaryImageOfPage":{"@id":"https:\/\/skyddaskogen.se\/en\/governor-s-reply-to-the-ngo-s-not-realistic-to-only-impose-formal-protection-at-gasberget\/#primaryimage"},"image":{"@id":"https:\/\/skyddaskogen.se\/en\/governor-s-reply-to-the-ngo-s-not-realistic-to-only-impose-formal-protection-at-gasberget\/#primaryimage"},"thumbnailUrl":"https:\/\/skyddaskogen.se\/wp-content\/uploads\/2018\/12\/skyddaskogen.se_1.ore-forest-landscape.-photo-sebastian-kirppu.jpeg","datePublished":"2019-12-19T06:24:58+00:00","dateModified":"2020-11-27T13:59:50+00:00","breadcrumb":{"@id":"https:\/\/skyddaskogen.se\/en\/governor-s-reply-to-the-ngo-s-not-realistic-to-only-impose-formal-protection-at-gasberget\/#breadcrumb"},"inLanguage":"en-US","potentialAction":[{"@type":"ReadAction","target":["https:\/\/skyddaskogen.se\/en\/governor-s-reply-to-the-ngo-s-not-realistic-to-only-impose-formal-protection-at-gasberget\/"]}]},{"@type":"ImageObject","inLanguage":"en-US","@id":"https:\/\/skyddaskogen.se\/en\/governor-s-reply-to-the-ngo-s-not-realistic-to-only-impose-formal-protection-at-gasberget\/#primaryimage","url":"https:\/\/skyddaskogen.se\/wp-content\/uploads\/2018\/12\/skyddaskogen.se_1.ore-forest-landscape.-photo-sebastian-kirppu.jpeg","contentUrl":"https:\/\/skyddaskogen.se\/wp-content\/uploads\/2018\/12\/skyddaskogen.se_1.ore-forest-landscape.-photo-sebastian-kirppu.jpeg","width":800,"height":600},{"@type":"BreadcrumbList","@id":"https:\/\/skyddaskogen.se\/en\/governor-s-reply-to-the-ngo-s-not-realistic-to-only-impose-formal-protection-at-gasberget\/#breadcrumb","itemListElement":[{"@type":"ListItem","position":1,"name":"Home","item":"https:\/\/skyddaskogen.se\/en\/protect-the-forest\/"},{"@type":"ListItem","position":2,"name":"Governor\u2019s reply to the NGOs: \u201cNot realistic to only establish formal protection at G\u00e5sberget\u201d"}]},{"@type":"WebSite","@id":"https:\/\/skyddaskogen.se\/#website","url":"https:\/\/skyddaskogen.se\/","name":"Skydda Skogen","description":"For the protection of old forests and natural near-farms","publisher":{"@id":"https:\/\/skyddaskogen.se\/#organization"},"potentialAction":[{"@type":"SearchAction","target":{"@type":"EntryPoint","urlTemplate":"https:\/\/skyddaskogen.se\/?s={search_term_string}"},"query-input":{"@type":"PropertyValueSpecification","valueRequired":true,"valueName":"search_term_string"}}],"inLanguage":"en-US"},{"@type":"Organization","@id":"https:\/\/skyddaskogen.se\/#organization","name":"Skydda Skogen","url":"https:\/\/skyddaskogen.se\/","logo":{"@type":"ImageObject","inLanguage":"en-US","@id":"https:\/\/skyddaskogen.se\/#\/schema\/logo\/image\/","url":"https:\/\/skyddaskogen.se\/wp-content\/uploads\/2020\/09\/skyddaskogen.se_favicon-1.png","contentUrl":"https:\/\/skyddaskogen.se\/wp-content\/uploads\/2020\/09\/skyddaskogen.se_favicon-1.png","width":256,"height":256,"caption":"Skydda Skogen"},"image":{"@id":"https:\/\/skyddaskogen.se\/#\/schema\/logo\/image\/"},"sameAs":["https:\/\/www.facebook.com\/groups\/54996954022\/","https:\/\/x.com\/skyddaskogen","https:\/\/www.instagram.com\/skyddaskogen\/","https:\/\/www.youtube.com\/channel\/UCHJVIc9sptUj-qPek3Imitw"]},{"@type":"Person","@id":"https:\/\/skyddaskogen.se\/#\/schema\/person\/d1707e6ee5adeaeafebf8dad956556da","name":"Kristina B\u00e4ck","image":{"@type":"ImageObject","inLanguage":"en-US","@id":"https:\/\/skyddaskogen.se\/wp-content\/uploads\/2024\/05\/about-logo-120x120.png","url":"https:\/\/skyddaskogen.se\/wp-content\/uploads\/2024\/05\/about-logo-120x120.png","contentUrl":"https:\/\/skyddaskogen.se\/wp-content\/uploads\/2024\/05\/about-logo-120x120.png","caption":"Kristina B\u00e4ck"},"url":"https:\/\/skyddaskogen.se\/en\/author\/kristina\/"}]}},"_links":{"self":[{"href":"https:\/\/skyddaskogen.se\/en\/wp-json\/wp\/v2\/posts\/14661","targetHints":{"allow":["GET"]}}],"collection":[{"href":"https:\/\/skyddaskogen.se\/en\/wp-json\/wp\/v2\/posts"}],"about":[{"href":"https:\/\/skyddaskogen.se\/en\/wp-json\/wp\/v2\/types\/post"}],"author":[{"embeddable":true,"href":"https:\/\/skyddaskogen.se\/en\/wp-json\/wp\/v2\/users\/19"}],"replies":[{"embeddable":true,"href":"https:\/\/skyddaskogen.se\/en\/wp-json\/wp\/v2\/comments?post=14661"}],"version-history":[{"count":1,"href":"https:\/\/skyddaskogen.se\/en\/wp-json\/wp\/v2\/posts\/14661\/revisions"}],"predecessor-version":[{"id":18957,"href":"https:\/\/skyddaskogen.se\/en\/wp-json\/wp\/v2\/posts\/14661\/revisions\/18957"}],"wp:featuredmedia":[{"embeddable":true,"href":"https:\/\/skyddaskogen.se\/en\/wp-json\/wp\/v2\/media\/13889"}],"wp:attachment":[{"href":"https:\/\/skyddaskogen.se\/en\/wp-json\/wp\/v2\/media?parent=14661"}],"wp:term":[{"taxonomy":"category","embeddable":true,"href":"https:\/\/skyddaskogen.se\/en\/wp-json\/wp\/v2\/categories?post=14661"},{"taxonomy":"post_tag","embeddable":true,"href":"https:\/\/skyddaskogen.se\/en\/wp-json\/wp\/v2\/tags?post=14661"}],"curies":[{"name":"wp","href":"https:\/\/api.w.org\/{rel}","templated":true}]}}