{"id":67997,"date":"2025-04-10T17:20:00","date_gmt":"2025-04-10T15:20:00","guid":{"rendered":"https:\/\/skyddaskogen.se\/forskningsresan-i-naturvardens-utmarker-v-30-juli-2025-bjurholm-vasterbottens-lan-och-korpilombolo-norrbottens-lan\/"},"modified":"2025-11-12T17:34:32","modified_gmt":"2025-11-12T16:34:32","slug":"forskningsresan-i-naturvardens-utmarker-v-30-juli-2025-bjurholm-vasterbottens-lan-och-korpilombolo-norrbottens-lan","status":"publish","type":"post","link":"https:\/\/skyddaskogen.se\/en\/forskningsresan-i-naturvardens-utmarker-v-30-juli-2025-bjurholm-vasterbottens-lan-och-korpilombolo-norrbottens-lan\/","title":{"rendered":"Forskningsresan i Naturv\u00e5rdens Utmarker v. 30, juli 2025 Bjurholm, V\u00e4sterbottens l\u00e4n och Korpilombolo, Norrbottens l\u00e4n"},"content":{"rendered":"\n<p><strong>Expressions of interest for the 2025 Research Trip in the Outskirts of Nature Conservation<br\/>Opened! Please read the registration instructions carefully. <\/strong><\/p>\n\n<p>On July 21\u201326, we will gather in two different places in the country to carry out two wonderful<br\/>Trips: Angsj\u00f6ns Camping in Bjurholm and Tre S\u00e5gar in Korpilombolo. On each<br\/>Accommodation we have access to food, accommodation and meeting room. The number of places is limited to approx.<br\/>40\u201345 pcs.  <\/p>\n\n<h3 class=\"wp-block-heading\">Instructions<\/h3>\n\n<p>It is only today, Thursday 10 April, between 07.00-22.00, that there is<br\/>opportunity to submit their expression of interest. After that, the places are raffled off. Notice of<br\/>location or not will be notified by e-mail during the following week. Also places for<br\/>The reserve list will be drawn by lot. You can only sign up for one of the trips. There is a<br\/>name on both trips, the person is automatically deleted.      <\/p>\n\n<p><br\/><br\/>Registration for the Research Trip 2025 has closed. It is no longer possible to register for the trips (also applies to the reserve list). <\/p>\n\n<h3 class=\"wp-block-heading\">What is it about?<\/h3>\n\n<p>The idea is that we as participants for a week take an inventory of interesting and threatened<br\/>forest environments with high conservation values. The knowledge collected helps to increase the<br\/>the chances of protecting the forests visited and providing the participants with new knowledge<br\/>on nature value assessment to protect forests at home. Everything happens during pleasant<br\/>forms where everyone learns from each other. The evenings are spent looking at all the species finds that have been made<br\/>during the day, compilation of collected data, reporting to Artportalen and<br\/>A single lecture for in-depth study. Expect to make friends for life!    <\/p>\n\n<h3 class=\"wp-block-heading\">Who can participate?<\/h3>\n\n<p>Anyone who can get out into the woods. You don&#8217;t need to be a biologist or know a lot of things<br\/>Species. However, it is good if you are passionate about curiosity and the desire to protect those at risk<br\/>forests. An adaptation is made to your experiences and ability to move forward in<br\/>Forest. Anyone who wants to take stock at a leisurely pace should be able to do so. Your eyes will<br\/>discover things that perhaps no one else has seen before \u2013 you are important! The interest in<br\/>Participation is usually huge, so we see that those of you who sign up participate all week.     <\/p>\n\n<h3 class=\"wp-block-heading\">Accommodation &amp; food<\/h3>\n\n<p>We live in multi-bed rooms. If you prefer to camp, you are welcome to do so in connection with the<br\/>to the accommodation facility. The food is vegetarian and is arranged with a hearty breakfast at<br\/>morning and a packed lunch out in the field. In the evening we eat dinner together after<br\/>return. Each accommodation facility has different arrangements in terms of rooms and<br\/>capacity. More information will be sent in an email to the participants of the Research Trip.     <\/p>\n\n<h3 class=\"wp-block-heading\">Travel Bjurholm<\/h3>\n\n<p><strong>Angsj\u00f6ns Camping<\/strong> in Bjurholm can be reached by taking the train from Stockholm to<br\/>Ume\u00e5 at 06:22 or 09:22 on July 21.<br\/>In Ume\u00e5, you change to bus 14 towards Vilhelmina. Get off in Balsj\u00f6\u00e5sen (Arrive around 11:35<br\/>or 17:50).<br\/>From Balsj\u00f6\u00e5sen it is about 6 km to Angsj\u00f6ns Camping where we will stay during<br\/>week (The coordination group arranges transport from the bus).<br\/>Plan your trip well in advance! We carpool as best we can, more info will be sent in an email to<br\/>The participants of the research trip.   <\/p>\n\n<h3 class=\"wp-block-heading\">Travels Korpilombolo<\/h3>\n\n<p>You can get to Korpilombolo by taking the night train from Stockholm to Lule\u00e5, departure<br\/>18:09 or 21:55 on Sunday 20\/7.<br\/>In Lule\u00e5, you change to bus 55 towards Pajala with departure at 12:00 or 17:10. Get off<br\/>Korpilombolo bus station (Arrive at 14:45 or 19:45).<br\/>From the bus station, it is about a 2-minute walk to Tre s\u00e5gar on \u00d6verkalixv\u00e4gen<br\/>8, where we will stay during the week.<br\/>Plan your trip well in advance! We carpool as best we can, more info will be sent in an email to<br\/>The participants of the research trip.   <\/p>\n\n<h3 class=\"wp-block-heading\">Rough schedule<\/h3>\n\n<p><strong>21 July<\/strong> \u2013 arrival day. We start with dinner at 18.00 followed by an introduction and<br\/>optional evening activities. Arrive well in advance for accommodation.  <\/p>\n\n<p><strong>22 July<\/strong> \u2013 calibration in reference forest and forest inventory. Short training for those who<br\/>Not inventoried forest before. <\/p>\n\n<p><strong>23\u201324 July<\/strong> \u2013 forest inventories, full day.<\/p>\n\n<p><strong>July 26<\/strong> \u2013 departure day with cleaning and joint breakfast in the morning. Opportunity<br\/>to pack a packed lunch for the journey home. <\/p>\n\n<h3 class=\"wp-block-heading\">Participation fees and payment<\/h3>\n\n<div class=\"wp-block-columns is-layout-flex wp-container-core-columns-is-layout-9d6595d7 wp-block-columns-is-layout-flex\">\n<div class=\"wp-block-column is-layout-flow wp-block-column-is-layout-flow\" style=\"flex-basis:100%\">\n<figure class=\"wp-block-table\"><table class=\"has-fixed-layout\"><tbody><tr><td>Member of the Swedish Society for Nature Conservation OR Protect the Forest<\/td><td class=\"has-text-align-right\" data-align=\"right\">1000 kr<\/td><\/tr><tr><td>Member of the Swedish Society for Nature Conservation AND Protect the Forest<\/td><td class=\"has-text-align-right\" data-align=\"right\">800 kr<\/td><\/tr><tr><td>Not a member as above<\/td><td class=\"has-text-align-right\" data-align=\"right\">1200 kr<\/td><\/tr><\/tbody><\/table><\/figure>\n<\/div>\n<\/div>\n\n<ul class=\"wp-block-list\">\n<li><a href=\"https:\/\/www.naturskyddsforeningen.se\/stod-oss\/bli-arsmedlem\/\">Become a member of the Swedish Society for Nature Conservation<\/a><\/li>\n\n\n\n<li><a href=\"https:\/\/skyddaskogen.se\/en\/become-a-member\/\">Become a member of Protect the Forest<\/a><\/li>\n<\/ul>\n\n<p><\/p>\n\n<p>You pay the participation fee via plusgiro at the Swedish Society for Nature Conservation in J\u00e4mtland.<br\/>H\u00e4rjedalen (applies to both trips) in connection with you receiving a confirmation of your place<br\/>after the draw. Mark the payment with your name and surname and &#8220;Bjurholm&#8221;<br\/>alternatively &#8220;Korpilombolo&#8221;. <\/p>\n\n<p><strong>Plusgiro<\/strong> 17 45 18-1.<\/p>\n\n<h3 class=\"wp-block-heading\">Coordination<\/h3>\n\n<p>Good to know is that all work with the Research Trip is done voluntarily and with small<br\/>resource. But we&#8217;re happy anyway:) If you have questions or concerns, you can hear<br\/>to one of the two coordination groups: <\/p>\n\n<p>Bjurholm: <a href=\"mailto:forskningsresan.bjurholm@gmail.com\">forskningsresan.bjurholm@gmail.com<\/a><br\/>Korpilombolo: <a href=\"mailto:forskningsresan.korpilombolo@gmail.com\">forskningsresan.korpilombolo@gmail.com<\/a><\/p>\n\n<h3 class=\"wp-block-heading\">Brief background information<\/h3>\n\n<p>The research trip in the Wilderness of Nature Conservation is an annual inventory of Sweden&#8217;s last<br\/>unprotected natural forests in northern Sweden. Sometimes the trip also goes to Dalarna and<br\/>V\u00e4rmland. Around 45 people of different ages, skills and backgrounds usually participate.<br\/>Species knowledge is not a requirement, but we learn from each other. The important thing is that<br\/>The research trip is a gathering point for forest and nature enthusiasts who want to be<br\/>with and document endangered unprotected natural forests.   <\/p>\n\n<p>With the Research Trip, we want to save endangered forests, enjoy nature, find species and<br\/>influence and challenge forest companies, politicians and the public on the prevailing<br\/>the view of the forest and forestry. We want to increase knowledge about species and ecology. <\/p>\n\n<p>Nature conservationist, forest activist and enthusiast Anders Delin started the Research Trip<br\/>1991 and with the exception of the pandemic years 2020 and 2021, the trip has been arranged<br\/>annually. The research trip in the Wilderness of Nature Conservation 2024 is a collaboration between<br\/>Protect the Forest and the Swedish Society for Nature Conservation. <\/p>\n\n<p><\/p>\n","protected":false},"excerpt":{"rendered":"<p>Expressions of interest for the 2025 Research Trip in the Outskirts of Nature ConservationOpened! Please read the registration instructions carefully. On July 21\u201326, we will gather in two different places&hellip;<\/p>\n","protected":false},"author":18,"featured_media":65561,"comment_status":"closed","ping_status":"closed","sticky":false,"template":"","format":"standard","meta":{"give_campaign_id":0,"_price":"","_stock":"","_tribe_ticket_header":"","_tribe_default_ticket_provider":"","_tribe_ticket_capacity":"","_ticket_start_date":"","_ticket_end_date":"","_tribe_ticket_show_description":"","_tribe_ticket_show_not_going":false,"_tribe_ticket_use_global_stock":"","_tribe_ticket_global_stock_level":"","_global_stock_mode":"","_global_stock_cap":"","_tribe_rsvp_for_event":"","_tribe_ticket_going_count":"","_tribe_ticket_not_going_count":"","_tribe_tickets_list":"[]","_tribe_ticket_has_attendee_info_fields":false,"footnotes":""},"categories":[1451,1456,1454,149,1396],"tags":[],"class_list":["post-67997","post","type-post","status-publish","format-standard","has-post-thumbnail","hentry","category-climate-and-forest","category-endangered-forests","category-forest-protection-and-nature-conservation","category-news","category-research-trip"],"yoast_head":"<!-- This site is optimized with the Yoast SEO plugin v27.4 - https:\/\/yoast.com\/product\/yoast-seo-wordpress\/ -->\n<title>Forskningsresan i Naturv\u00e5rdens Utmarker v. 30, juli 2025 Bjurholm, V\u00e4sterbottens l\u00e4n och Korpilombolo, Norrbottens l\u00e4n - Skydda Skogen<\/title>\n<meta name=\"robots\" content=\"index, follow, max-snippet:-1, max-image-preview:large, max-video-preview:-1\" \/>\n<link rel=\"canonical\" href=\"https:\/\/skyddaskogen.se\/en\/forskningsresan-i-naturvardens-utmarker-v-30-juli-2025-bjurholm-vasterbottens-lan-och-korpilombolo-norrbottens-lan\/\" \/>\n<meta property=\"og:locale\" content=\"en_US\" \/>\n<meta property=\"og:type\" content=\"article\" \/>\n<meta property=\"og:title\" content=\"Forskningsresan i Naturv\u00e5rdens Utmarker v. 30, juli 2025 Bjurholm, V\u00e4sterbottens l\u00e4n och Korpilombolo, Norrbottens l\u00e4n - Skydda Skogen\" \/>\n<meta property=\"og:description\" content=\"Expressions of interest for the 2025 Research Trip in the Outskirts of Nature ConservationOpened! Please read the registration instructions carefully. On July 21\u201326, we will gather in two different places&hellip;\" \/>\n<meta property=\"og:url\" content=\"https:\/\/skyddaskogen.se\/en\/forskningsresan-i-naturvardens-utmarker-v-30-juli-2025-bjurholm-vasterbottens-lan-och-korpilombolo-norrbottens-lan\/\" \/>\n<meta property=\"og:site_name\" content=\"Skydda Skogen\" \/>\n<meta property=\"article:publisher\" content=\"https:\/\/www.facebook.com\/groups\/54996954022\/\" \/>\n<meta property=\"article:published_time\" content=\"2025-04-10T15:20:00+00:00\" \/>\n<meta property=\"article:modified_time\" content=\"2025-11-12T16:34:32+00:00\" \/>\n<meta property=\"og:image\" content=\"https:\/\/skyddaskogen.se\/wp-content\/uploads\/2025\/03\/image-5.png\" \/>\n\t<meta property=\"og:image:width\" content=\"269\" \/>\n\t<meta property=\"og:image:height\" content=\"272\" \/>\n\t<meta property=\"og:image:type\" content=\"image\/png\" \/>\n<meta name=\"author\" content=\"Skydda Skogen\" \/>\n<meta name=\"twitter:card\" content=\"summary_large_image\" \/>\n<meta name=\"twitter:creator\" content=\"@skyddaskogen\" \/>\n<meta name=\"twitter:site\" content=\"@skyddaskogen\" \/>\n<meta name=\"twitter:label1\" content=\"Written by\" \/>\n\t<meta name=\"twitter:data1\" content=\"Skydda Skogen\" \/>\n\t<meta name=\"twitter:label2\" content=\"Est. reading time\" \/>\n\t<meta name=\"twitter:data2\" content=\"5 minutes\" \/>\n<script type=\"application\/ld+json\" class=\"yoast-schema-graph\">{\"@context\":\"https:\\\/\\\/schema.org\",\"@graph\":[{\"@type\":\"Article\",\"@id\":\"https:\\\/\\\/skyddaskogen.se\\\/en\\\/forskningsresan-i-naturvardens-utmarker-v-30-juli-2025-bjurholm-vasterbottens-lan-och-korpilombolo-norrbottens-lan\\\/#article\",\"isPartOf\":{\"@id\":\"https:\\\/\\\/skyddaskogen.se\\\/en\\\/forskningsresan-i-naturvardens-utmarker-v-30-juli-2025-bjurholm-vasterbottens-lan-och-korpilombolo-norrbottens-lan\\\/\"},\"author\":{\"name\":\"Skydda Skogen\",\"@id\":\"https:\\\/\\\/skyddaskogen.se\\\/#\\\/schema\\\/person\\\/c906e5755914ea734af3b481781fd87d\"},\"headline\":\"Forskningsresan i Naturv\u00e5rdens Utmarker v. 30, juli 2025 Bjurholm, V\u00e4sterbottens l\u00e4n och Korpilombolo, Norrbottens l\u00e4n\",\"datePublished\":\"2025-04-10T15:20:00+00:00\",\"dateModified\":\"2025-11-12T16:34:32+00:00\",\"mainEntityOfPage\":{\"@id\":\"https:\\\/\\\/skyddaskogen.se\\\/en\\\/forskningsresan-i-naturvardens-utmarker-v-30-juli-2025-bjurholm-vasterbottens-lan-och-korpilombolo-norrbottens-lan\\\/\"},\"wordCount\":1022,\"publisher\":{\"@id\":\"https:\\\/\\\/skyddaskogen.se\\\/#organization\"},\"image\":{\"@id\":\"https:\\\/\\\/skyddaskogen.se\\\/en\\\/forskningsresan-i-naturvardens-utmarker-v-30-juli-2025-bjurholm-vasterbottens-lan-och-korpilombolo-norrbottens-lan\\\/#primaryimage\"},\"thumbnailUrl\":\"https:\\\/\\\/skyddaskogen.se\\\/wp-content\\\/uploads\\\/2025\\\/03\\\/image-5.png\",\"articleSection\":[\"Climate and forest\",\"Endangered forests\",\"Forest protection and nature conservation\",\"News\",\"The research trip\"],\"inLanguage\":\"en-US\"},{\"@type\":\"WebPage\",\"@id\":\"https:\\\/\\\/skyddaskogen.se\\\/en\\\/forskningsresan-i-naturvardens-utmarker-v-30-juli-2025-bjurholm-vasterbottens-lan-och-korpilombolo-norrbottens-lan\\\/\",\"url\":\"https:\\\/\\\/skyddaskogen.se\\\/en\\\/forskningsresan-i-naturvardens-utmarker-v-30-juli-2025-bjurholm-vasterbottens-lan-och-korpilombolo-norrbottens-lan\\\/\",\"name\":\"Forskningsresan i Naturv\u00e5rdens Utmarker v. 30, juli 2025 Bjurholm, V\u00e4sterbottens l\u00e4n och Korpilombolo, Norrbottens l\u00e4n - Skydda Skogen\",\"isPartOf\":{\"@id\":\"https:\\\/\\\/skyddaskogen.se\\\/#website\"},\"primaryImageOfPage\":{\"@id\":\"https:\\\/\\\/skyddaskogen.se\\\/en\\\/forskningsresan-i-naturvardens-utmarker-v-30-juli-2025-bjurholm-vasterbottens-lan-och-korpilombolo-norrbottens-lan\\\/#primaryimage\"},\"image\":{\"@id\":\"https:\\\/\\\/skyddaskogen.se\\\/en\\\/forskningsresan-i-naturvardens-utmarker-v-30-juli-2025-bjurholm-vasterbottens-lan-och-korpilombolo-norrbottens-lan\\\/#primaryimage\"},\"thumbnailUrl\":\"https:\\\/\\\/skyddaskogen.se\\\/wp-content\\\/uploads\\\/2025\\\/03\\\/image-5.png\",\"datePublished\":\"2025-04-10T15:20:00+00:00\",\"dateModified\":\"2025-11-12T16:34:32+00:00\",\"breadcrumb\":{\"@id\":\"https:\\\/\\\/skyddaskogen.se\\\/en\\\/forskningsresan-i-naturvardens-utmarker-v-30-juli-2025-bjurholm-vasterbottens-lan-och-korpilombolo-norrbottens-lan\\\/#breadcrumb\"},\"inLanguage\":\"en-US\",\"potentialAction\":[{\"@type\":\"ReadAction\",\"target\":[\"https:\\\/\\\/skyddaskogen.se\\\/en\\\/forskningsresan-i-naturvardens-utmarker-v-30-juli-2025-bjurholm-vasterbottens-lan-och-korpilombolo-norrbottens-lan\\\/\"]}]},{\"@type\":\"ImageObject\",\"inLanguage\":\"en-US\",\"@id\":\"https:\\\/\\\/skyddaskogen.se\\\/en\\\/forskningsresan-i-naturvardens-utmarker-v-30-juli-2025-bjurholm-vasterbottens-lan-och-korpilombolo-norrbottens-lan\\\/#primaryimage\",\"url\":\"https:\\\/\\\/skyddaskogen.se\\\/wp-content\\\/uploads\\\/2025\\\/03\\\/image-5.png\",\"contentUrl\":\"https:\\\/\\\/skyddaskogen.se\\\/wp-content\\\/uploads\\\/2025\\\/03\\\/image-5.png\",\"width\":269,\"height\":272},{\"@type\":\"BreadcrumbList\",\"@id\":\"https:\\\/\\\/skyddaskogen.se\\\/en\\\/forskningsresan-i-naturvardens-utmarker-v-30-juli-2025-bjurholm-vasterbottens-lan-och-korpilombolo-norrbottens-lan\\\/#breadcrumb\",\"itemListElement\":[{\"@type\":\"ListItem\",\"position\":1,\"name\":\"Home\",\"item\":\"https:\\\/\\\/skyddaskogen.se\\\/en\\\/protect-the-forest\\\/\"},{\"@type\":\"ListItem\",\"position\":2,\"name\":\"Forskningsresan i Naturv\u00e5rdens Utmarker v. 30, juli 2025 Bjurholm, V\u00e4sterbottens l\u00e4n och Korpilombolo, Norrbottens l\u00e4n\"}]},{\"@type\":\"WebSite\",\"@id\":\"https:\\\/\\\/skyddaskogen.se\\\/#website\",\"url\":\"https:\\\/\\\/skyddaskogen.se\\\/\",\"name\":\"Skydda Skogen\",\"description\":\"For the protection of old forests and natural near-farms\",\"publisher\":{\"@id\":\"https:\\\/\\\/skyddaskogen.se\\\/#organization\"},\"potentialAction\":[{\"@type\":\"SearchAction\",\"target\":{\"@type\":\"EntryPoint\",\"urlTemplate\":\"https:\\\/\\\/skyddaskogen.se\\\/?s={search_term_string}\"},\"query-input\":{\"@type\":\"PropertyValueSpecification\",\"valueRequired\":true,\"valueName\":\"search_term_string\"}}],\"inLanguage\":\"en-US\"},{\"@type\":\"Organization\",\"@id\":\"https:\\\/\\\/skyddaskogen.se\\\/#organization\",\"name\":\"Skydda Skogen\",\"url\":\"https:\\\/\\\/skyddaskogen.se\\\/\",\"logo\":{\"@type\":\"ImageObject\",\"inLanguage\":\"en-US\",\"@id\":\"https:\\\/\\\/skyddaskogen.se\\\/#\\\/schema\\\/logo\\\/image\\\/\",\"url\":\"https:\\\/\\\/skyddaskogen.se\\\/wp-content\\\/uploads\\\/2020\\\/09\\\/skyddaskogen.se_favicon-1.png\",\"contentUrl\":\"https:\\\/\\\/skyddaskogen.se\\\/wp-content\\\/uploads\\\/2020\\\/09\\\/skyddaskogen.se_favicon-1.png\",\"width\":256,\"height\":256,\"caption\":\"Skydda Skogen\"},\"image\":{\"@id\":\"https:\\\/\\\/skyddaskogen.se\\\/#\\\/schema\\\/logo\\\/image\\\/\"},\"sameAs\":[\"https:\\\/\\\/www.facebook.com\\\/groups\\\/54996954022\\\/\",\"https:\\\/\\\/x.com\\\/skyddaskogen\",\"https:\\\/\\\/www.instagram.com\\\/skyddaskogen\\\/\",\"https:\\\/\\\/www.youtube.com\\\/channel\\\/UCHJVIc9sptUj-qPek3Imitw\"]},{\"@type\":\"Person\",\"@id\":\"https:\\\/\\\/skyddaskogen.se\\\/#\\\/schema\\\/person\\\/c906e5755914ea734af3b481781fd87d\",\"name\":\"Skydda Skogen\",\"image\":{\"@type\":\"ImageObject\",\"inLanguage\":\"en-US\",\"@id\":\"https:\\\/\\\/skyddaskogen.se\\\/wp-content\\\/uploads\\\/2024\\\/05\\\/about-logo-120x120.png\",\"url\":\"https:\\\/\\\/skyddaskogen.se\\\/wp-content\\\/uploads\\\/2024\\\/05\\\/about-logo-120x120.png\",\"contentUrl\":\"https:\\\/\\\/skyddaskogen.se\\\/wp-content\\\/uploads\\\/2024\\\/05\\\/about-logo-120x120.png\",\"caption\":\"Skydda Skogen\"},\"url\":\"https:\\\/\\\/skyddaskogen.se\\\/en\\\/author\\\/amanda\\\/\"}]}<\/script>\n<!-- \/ Yoast SEO plugin. -->","yoast_head_json":{"title":"Forskningsresan i Naturv\u00e5rdens Utmarker v. 30, juli 2025 Bjurholm, V\u00e4sterbottens l\u00e4n och Korpilombolo, Norrbottens l\u00e4n - Skydda Skogen","robots":{"index":"index","follow":"follow","max-snippet":"max-snippet:-1","max-image-preview":"max-image-preview:large","max-video-preview":"max-video-preview:-1"},"canonical":"https:\/\/skyddaskogen.se\/en\/forskningsresan-i-naturvardens-utmarker-v-30-juli-2025-bjurholm-vasterbottens-lan-och-korpilombolo-norrbottens-lan\/","og_locale":"en_US","og_type":"article","og_title":"Forskningsresan i Naturv\u00e5rdens Utmarker v. 30, juli 2025 Bjurholm, V\u00e4sterbottens l\u00e4n och Korpilombolo, Norrbottens l\u00e4n - Skydda Skogen","og_description":"Expressions of interest for the 2025 Research Trip in the Outskirts of Nature ConservationOpened! Please read the registration instructions carefully. On July 21\u201326, we will gather in two different places&hellip;","og_url":"https:\/\/skyddaskogen.se\/en\/forskningsresan-i-naturvardens-utmarker-v-30-juli-2025-bjurholm-vasterbottens-lan-och-korpilombolo-norrbottens-lan\/","og_site_name":"Skydda Skogen","article_publisher":"https:\/\/www.facebook.com\/groups\/54996954022\/","article_published_time":"2025-04-10T15:20:00+00:00","article_modified_time":"2025-11-12T16:34:32+00:00","og_image":[{"width":269,"height":272,"url":"https:\/\/skyddaskogen.se\/wp-content\/uploads\/2025\/03\/image-5.png","type":"image\/png"}],"author":"Skydda Skogen","twitter_card":"summary_large_image","twitter_creator":"@skyddaskogen","twitter_site":"@skyddaskogen","twitter_misc":{"Written by":"Skydda Skogen","Est. reading time":"5 minutes"},"schema":{"@context":"https:\/\/schema.org","@graph":[{"@type":"Article","@id":"https:\/\/skyddaskogen.se\/en\/forskningsresan-i-naturvardens-utmarker-v-30-juli-2025-bjurholm-vasterbottens-lan-och-korpilombolo-norrbottens-lan\/#article","isPartOf":{"@id":"https:\/\/skyddaskogen.se\/en\/forskningsresan-i-naturvardens-utmarker-v-30-juli-2025-bjurholm-vasterbottens-lan-och-korpilombolo-norrbottens-lan\/"},"author":{"name":"Skydda Skogen","@id":"https:\/\/skyddaskogen.se\/#\/schema\/person\/c906e5755914ea734af3b481781fd87d"},"headline":"Forskningsresan i Naturv\u00e5rdens Utmarker v. 30, juli 2025 Bjurholm, V\u00e4sterbottens l\u00e4n och Korpilombolo, Norrbottens l\u00e4n","datePublished":"2025-04-10T15:20:00+00:00","dateModified":"2025-11-12T16:34:32+00:00","mainEntityOfPage":{"@id":"https:\/\/skyddaskogen.se\/en\/forskningsresan-i-naturvardens-utmarker-v-30-juli-2025-bjurholm-vasterbottens-lan-och-korpilombolo-norrbottens-lan\/"},"wordCount":1022,"publisher":{"@id":"https:\/\/skyddaskogen.se\/#organization"},"image":{"@id":"https:\/\/skyddaskogen.se\/en\/forskningsresan-i-naturvardens-utmarker-v-30-juli-2025-bjurholm-vasterbottens-lan-och-korpilombolo-norrbottens-lan\/#primaryimage"},"thumbnailUrl":"https:\/\/skyddaskogen.se\/wp-content\/uploads\/2025\/03\/image-5.png","articleSection":["Climate and forest","Endangered forests","Forest protection and nature conservation","News","The research trip"],"inLanguage":"en-US"},{"@type":"WebPage","@id":"https:\/\/skyddaskogen.se\/en\/forskningsresan-i-naturvardens-utmarker-v-30-juli-2025-bjurholm-vasterbottens-lan-och-korpilombolo-norrbottens-lan\/","url":"https:\/\/skyddaskogen.se\/en\/forskningsresan-i-naturvardens-utmarker-v-30-juli-2025-bjurholm-vasterbottens-lan-och-korpilombolo-norrbottens-lan\/","name":"Forskningsresan i Naturv\u00e5rdens Utmarker v. 30, juli 2025 Bjurholm, V\u00e4sterbottens l\u00e4n och Korpilombolo, Norrbottens l\u00e4n - Skydda Skogen","isPartOf":{"@id":"https:\/\/skyddaskogen.se\/#website"},"primaryImageOfPage":{"@id":"https:\/\/skyddaskogen.se\/en\/forskningsresan-i-naturvardens-utmarker-v-30-juli-2025-bjurholm-vasterbottens-lan-och-korpilombolo-norrbottens-lan\/#primaryimage"},"image":{"@id":"https:\/\/skyddaskogen.se\/en\/forskningsresan-i-naturvardens-utmarker-v-30-juli-2025-bjurholm-vasterbottens-lan-och-korpilombolo-norrbottens-lan\/#primaryimage"},"thumbnailUrl":"https:\/\/skyddaskogen.se\/wp-content\/uploads\/2025\/03\/image-5.png","datePublished":"2025-04-10T15:20:00+00:00","dateModified":"2025-11-12T16:34:32+00:00","breadcrumb":{"@id":"https:\/\/skyddaskogen.se\/en\/forskningsresan-i-naturvardens-utmarker-v-30-juli-2025-bjurholm-vasterbottens-lan-och-korpilombolo-norrbottens-lan\/#breadcrumb"},"inLanguage":"en-US","potentialAction":[{"@type":"ReadAction","target":["https:\/\/skyddaskogen.se\/en\/forskningsresan-i-naturvardens-utmarker-v-30-juli-2025-bjurholm-vasterbottens-lan-och-korpilombolo-norrbottens-lan\/"]}]},{"@type":"ImageObject","inLanguage":"en-US","@id":"https:\/\/skyddaskogen.se\/en\/forskningsresan-i-naturvardens-utmarker-v-30-juli-2025-bjurholm-vasterbottens-lan-och-korpilombolo-norrbottens-lan\/#primaryimage","url":"https:\/\/skyddaskogen.se\/wp-content\/uploads\/2025\/03\/image-5.png","contentUrl":"https:\/\/skyddaskogen.se\/wp-content\/uploads\/2025\/03\/image-5.png","width":269,"height":272},{"@type":"BreadcrumbList","@id":"https:\/\/skyddaskogen.se\/en\/forskningsresan-i-naturvardens-utmarker-v-30-juli-2025-bjurholm-vasterbottens-lan-och-korpilombolo-norrbottens-lan\/#breadcrumb","itemListElement":[{"@type":"ListItem","position":1,"name":"Home","item":"https:\/\/skyddaskogen.se\/en\/protect-the-forest\/"},{"@type":"ListItem","position":2,"name":"Forskningsresan i Naturv\u00e5rdens Utmarker v. 30, juli 2025 Bjurholm, V\u00e4sterbottens l\u00e4n och Korpilombolo, Norrbottens l\u00e4n"}]},{"@type":"WebSite","@id":"https:\/\/skyddaskogen.se\/#website","url":"https:\/\/skyddaskogen.se\/","name":"Skydda Skogen","description":"For the protection of old forests and natural near-farms","publisher":{"@id":"https:\/\/skyddaskogen.se\/#organization"},"potentialAction":[{"@type":"SearchAction","target":{"@type":"EntryPoint","urlTemplate":"https:\/\/skyddaskogen.se\/?s={search_term_string}"},"query-input":{"@type":"PropertyValueSpecification","valueRequired":true,"valueName":"search_term_string"}}],"inLanguage":"en-US"},{"@type":"Organization","@id":"https:\/\/skyddaskogen.se\/#organization","name":"Skydda Skogen","url":"https:\/\/skyddaskogen.se\/","logo":{"@type":"ImageObject","inLanguage":"en-US","@id":"https:\/\/skyddaskogen.se\/#\/schema\/logo\/image\/","url":"https:\/\/skyddaskogen.se\/wp-content\/uploads\/2020\/09\/skyddaskogen.se_favicon-1.png","contentUrl":"https:\/\/skyddaskogen.se\/wp-content\/uploads\/2020\/09\/skyddaskogen.se_favicon-1.png","width":256,"height":256,"caption":"Skydda Skogen"},"image":{"@id":"https:\/\/skyddaskogen.se\/#\/schema\/logo\/image\/"},"sameAs":["https:\/\/www.facebook.com\/groups\/54996954022\/","https:\/\/x.com\/skyddaskogen","https:\/\/www.instagram.com\/skyddaskogen\/","https:\/\/www.youtube.com\/channel\/UCHJVIc9sptUj-qPek3Imitw"]},{"@type":"Person","@id":"https:\/\/skyddaskogen.se\/#\/schema\/person\/c906e5755914ea734af3b481781fd87d","name":"Skydda Skogen","image":{"@type":"ImageObject","inLanguage":"en-US","@id":"https:\/\/skyddaskogen.se\/wp-content\/uploads\/2024\/05\/about-logo-120x120.png","url":"https:\/\/skyddaskogen.se\/wp-content\/uploads\/2024\/05\/about-logo-120x120.png","contentUrl":"https:\/\/skyddaskogen.se\/wp-content\/uploads\/2024\/05\/about-logo-120x120.png","caption":"Skydda Skogen"},"url":"https:\/\/skyddaskogen.se\/en\/author\/amanda\/"}]}},"_links":{"self":[{"href":"https:\/\/skyddaskogen.se\/en\/wp-json\/wp\/v2\/posts\/67997","targetHints":{"allow":["GET"]}}],"collection":[{"href":"https:\/\/skyddaskogen.se\/en\/wp-json\/wp\/v2\/posts"}],"about":[{"href":"https:\/\/skyddaskogen.se\/en\/wp-json\/wp\/v2\/types\/post"}],"author":[{"embeddable":true,"href":"https:\/\/skyddaskogen.se\/en\/wp-json\/wp\/v2\/users\/18"}],"replies":[{"embeddable":true,"href":"https:\/\/skyddaskogen.se\/en\/wp-json\/wp\/v2\/comments?post=67997"}],"version-history":[{"count":4,"href":"https:\/\/skyddaskogen.se\/en\/wp-json\/wp\/v2\/posts\/67997\/revisions"}],"predecessor-version":[{"id":68007,"href":"https:\/\/skyddaskogen.se\/en\/wp-json\/wp\/v2\/posts\/67997\/revisions\/68007"}],"wp:featuredmedia":[{"embeddable":true,"href":"https:\/\/skyddaskogen.se\/en\/wp-json\/wp\/v2\/media\/65561"}],"wp:attachment":[{"href":"https:\/\/skyddaskogen.se\/en\/wp-json\/wp\/v2\/media?parent=67997"}],"wp:term":[{"taxonomy":"category","embeddable":true,"href":"https:\/\/skyddaskogen.se\/en\/wp-json\/wp\/v2\/categories?post=67997"},{"taxonomy":"post_tag","embeddable":true,"href":"https:\/\/skyddaskogen.se\/en\/wp-json\/wp\/v2\/tags?post=67997"}],"curies":[{"name":"wp","href":"https:\/\/api.w.org\/{rel}","templated":true}]}}