{"id":69099,"date":"2025-12-02T13:23:00","date_gmt":"2025-12-02T12:23:00","guid":{"rendered":"https:\/\/skyddaskogen.se\/protect-the-forests-autumn-meeting-in-granna\/"},"modified":"2026-01-09T13:32:50","modified_gmt":"2026-01-09T12:32:50","slug":"protect-the-forests-autumn-meeting-in-granna","status":"publish","type":"post","link":"https:\/\/skyddaskogen.se\/en\/protect-the-forests-autumn-meeting-in-granna\/","title":{"rendered":"Protect the Forest&#8217;s autumn meeting in Gr\u00e4nna"},"content":{"rendered":"\n<p class=\"has-text-dark-color has-text-color has-link-color wp-elements-9633b1ac1362f6383b26d9646a4ad66a\">On the weekend of November 28-30, Protect the Forest had a member meeting outside Gr\u00e4nna in collaboration with<a href=\"https:\/\/www.facebook.com\/GrannaSkogsgrupp\/\"> Gr\u00e4nna Skogsgrupp<\/a> who had fixed the premises and cooked delicious food for us.  <\/p>\n\n<p class=\"has-text-dark-color has-text-color has-link-color wp-elements-748aa41e3c4dfe7e10da0cec263d00bc\">We were about twenty participants. In addition to getting to know each other better and networking, we got, among other things:<br\/>&#8211; <mark style=\"background-color:rgba(0, 0, 0, 0)\" class=\"has-inline-color has-text-dark-color\">hear a report from <\/mark>Helena Bj\u00f6rnstr\u00f6m, Petra Wikstr\u00f6m and Erik Persson, employees of Protect the Forest, who work with fungi in limestone coniferous forests and sand pine forests in the north <\/p>\n\n<ul class=\"wp-block-list\">\n<li class=\"has-text-dark-color has-text-color has-link-color wp-elements-5b3b3837581daff8974a2bd7202c60ad\">Listen to a lecture by Michael Nilsson from the association&#8217;s board about southern coniferous forests<\/li>\n\n\n\n<li class=\"has-text-dark-color has-text-color has-link-color wp-elements-830450c6a930a6bea0dbb23b24a6df11\">See deciduous forest slopes along the eastern shore of Lake V\u00e4ttern, with the rare greater bark snail<\/li>\n\n\n\n<li class=\"has-text-dark-color has-text-color has-link-color wp-elements-3aa797e5916e8d09b30081e0cf337471\">Listen to Leena Tegevi talk about the local struggle to <mark style=\"background-color:rgba(0, 0, 0, 0);color:#ff6900\" class=\"has-inline-color\"><a href=\"https:\/\/www.facebook.com\/groups\/857522546417125\">save Ulvaskogen <\/a><\/mark> <\/li>\n\n\n\n<li class=\"has-text-dark-color has-text-color has-link-color wp-elements-05688ef0d6074c38f99806dbf76f5f8f\">Listen to Claes Hellsten talk about Gr\u00e4nna Skogsgrupp&#8217;s history and what they have achieved over the years<\/li>\n\n\n\n<li class=\"has-text-dark-color has-text-color has-link-color wp-elements-065bbfc075d2a98a896828945363485c\">Hear a report from Daniel Rutschman, employee of Protect the Forest, who works with the <a href=\"https:\/\/forestscandal.org\" target=\"_blank\" rel=\"noreferrer noopener\"><mark style=\"background-color:rgba(0, 0, 0, 0);color:#ff6900\" class=\"has-inline-color\">Forestscandal<\/mark> campaign<\/a><\/li>\n\n\n\n<li class=\"has-text-dark-color has-text-color has-link-color wp-elements-449823ecb7acdc0fe910d389862a1e0b\">Together discuss the association&#8217;s activities.<br\/><br\/><\/li>\n<\/ul>\n\n<p class=\"has-text-dark-color has-text-color has-link-color wp-elements-ee995f0975004c00e76628c15c079f5d\">If you missed this opportunity, there will be more member meetings in the future. Sign up for our newsletter so you don&#8217;t miss any important information from us and hope to see you at the next member meeting! <\/p>\n\n<p><\/p>\n","protected":false},"excerpt":{"rendered":"<p>On the weekend of November 28-30, Protect the Forest had a member meeting outside Gr\u00e4nna in collaboration with Gr\u00e4nna Skogsgrupp who had fixed the premises and cooked delicious food for&hellip;<\/p>\n","protected":false},"author":25288,"featured_media":68747,"comment_status":"open","ping_status":"closed","sticky":false,"template":"","format":"standard","meta":{"give_campaign_id":0,"_price":"","_stock":"","_tribe_ticket_header":"","_tribe_default_ticket_provider":"","_tribe_ticket_capacity":"","_ticket_start_date":"","_ticket_end_date":"","_tribe_ticket_show_description":"","_tribe_ticket_show_not_going":false,"_tribe_ticket_use_global_stock":"","_tribe_ticket_global_stock_level":"","_global_stock_mode":"","_global_stock_cap":"","_tribe_rsvp_for_event":"","_tribe_ticket_going_count":"","_tribe_ticket_not_going_count":"","_tribe_tickets_list":"[]","_tribe_ticket_has_attendee_info_fields":false,"footnotes":""},"categories":[1395],"tags":[1558,1559],"class_list":["post-69099","post","type-post","status-publish","format-standard","has-post-thumbnail","hentry","category-activities","tag-autumn-meeting","tag-granna"],"yoast_head":"<!-- This site is optimized with the Yoast SEO plugin v27.4 - https:\/\/yoast.com\/product\/yoast-seo-wordpress\/ -->\n<title>Protect the Forest&#039;s autumn meeting in Gr\u00e4nna - Skydda Skogen<\/title>\n<meta name=\"description\" content=\"On the weekend of November 28-30, Protect the Forest had a member meeting outside Gr\u00e4nna in collaboration with Gr\u00e4nna Forest Group\" \/>\n<meta name=\"robots\" content=\"index, follow, max-snippet:-1, max-image-preview:large, max-video-preview:-1\" \/>\n<link rel=\"canonical\" href=\"https:\/\/skyddaskogen.se\/en\/protect-the-forests-autumn-meeting-in-granna\/\" \/>\n<meta property=\"og:locale\" content=\"en_US\" \/>\n<meta property=\"og:type\" content=\"article\" \/>\n<meta property=\"og:title\" content=\"Protect the Forest&#039;s autumn meeting in Gr\u00e4nna - Skydda Skogen\" \/>\n<meta property=\"og:description\" content=\"On the weekend of November 28-30, Protect the Forest had a member meeting outside Gr\u00e4nna in collaboration with Gr\u00e4nna Forest Group\" \/>\n<meta property=\"og:url\" content=\"https:\/\/skyddaskogen.se\/en\/protect-the-forests-autumn-meeting-in-granna\/\" \/>\n<meta property=\"og:site_name\" content=\"Skydda Skogen\" \/>\n<meta property=\"article:publisher\" content=\"https:\/\/www.facebook.com\/groups\/54996954022\/\" \/>\n<meta property=\"article:published_time\" content=\"2025-12-02T12:23:00+00:00\" \/>\n<meta property=\"article:modified_time\" content=\"2026-01-09T12:32:50+00:00\" \/>\n<meta property=\"og:image\" content=\"https:\/\/skyddaskogen.se\/wp-content\/uploads\/2025\/12\/skyddaskogen-251029-6971-scaled.jpg\" \/>\n\t<meta property=\"og:image:width\" content=\"2560\" \/>\n\t<meta property=\"og:image:height\" content=\"1707\" \/>\n\t<meta property=\"og:image:type\" content=\"image\/jpeg\" \/>\n<meta name=\"author\" content=\"Benjamin Ladraa\" \/>\n<meta name=\"twitter:card\" content=\"summary_large_image\" \/>\n<meta name=\"twitter:creator\" content=\"@skyddaskogen\" \/>\n<meta name=\"twitter:site\" content=\"@skyddaskogen\" \/>\n<meta name=\"twitter:label1\" content=\"Written by\" \/>\n\t<meta name=\"twitter:data1\" content=\"Benjamin Ladraa\" \/>\n\t<meta name=\"twitter:label2\" content=\"Est. reading time\" \/>\n\t<meta name=\"twitter:data2\" content=\"2 minutes\" \/>\n<script type=\"application\/ld+json\" class=\"yoast-schema-graph\">{\"@context\":\"https:\\\/\\\/schema.org\",\"@graph\":[{\"@type\":\"Article\",\"@id\":\"https:\\\/\\\/skyddaskogen.se\\\/en\\\/protect-the-forests-autumn-meeting-in-granna\\\/#article\",\"isPartOf\":{\"@id\":\"https:\\\/\\\/skyddaskogen.se\\\/en\\\/protect-the-forests-autumn-meeting-in-granna\\\/\"},\"author\":{\"name\":\"Benjamin Ladraa\",\"@id\":\"https:\\\/\\\/skyddaskogen.se\\\/#\\\/schema\\\/person\\\/b753d6c89afd32670411f217c07f4751\"},\"headline\":\"Protect the Forest&#8217;s autumn meeting in Gr\u00e4nna\",\"datePublished\":\"2025-12-02T12:23:00+00:00\",\"dateModified\":\"2026-01-09T12:32:50+00:00\",\"mainEntityOfPage\":{\"@id\":\"https:\\\/\\\/skyddaskogen.se\\\/en\\\/protect-the-forests-autumn-meeting-in-granna\\\/\"},\"wordCount\":225,\"commentCount\":0,\"publisher\":{\"@id\":\"https:\\\/\\\/skyddaskogen.se\\\/#organization\"},\"image\":{\"@id\":\"https:\\\/\\\/skyddaskogen.se\\\/en\\\/protect-the-forests-autumn-meeting-in-granna\\\/#primaryimage\"},\"thumbnailUrl\":\"https:\\\/\\\/skyddaskogen.se\\\/wp-content\\\/uploads\\\/2025\\\/12\\\/skyddaskogen-251029-6971-scaled.jpg\",\"keywords\":[\"Autumn meeting\",\"Gr\u00e4nna\"],\"articleSection\":[\"Activities\"],\"inLanguage\":\"en-US\",\"potentialAction\":[{\"@type\":\"CommentAction\",\"name\":\"Comment\",\"target\":[\"https:\\\/\\\/skyddaskogen.se\\\/en\\\/protect-the-forests-autumn-meeting-in-granna\\\/#respond\"]}]},{\"@type\":\"WebPage\",\"@id\":\"https:\\\/\\\/skyddaskogen.se\\\/en\\\/protect-the-forests-autumn-meeting-in-granna\\\/\",\"url\":\"https:\\\/\\\/skyddaskogen.se\\\/en\\\/protect-the-forests-autumn-meeting-in-granna\\\/\",\"name\":\"Protect the Forest's autumn meeting in Gr\u00e4nna - Skydda Skogen\",\"isPartOf\":{\"@id\":\"https:\\\/\\\/skyddaskogen.se\\\/#website\"},\"primaryImageOfPage\":{\"@id\":\"https:\\\/\\\/skyddaskogen.se\\\/en\\\/protect-the-forests-autumn-meeting-in-granna\\\/#primaryimage\"},\"image\":{\"@id\":\"https:\\\/\\\/skyddaskogen.se\\\/en\\\/protect-the-forests-autumn-meeting-in-granna\\\/#primaryimage\"},\"thumbnailUrl\":\"https:\\\/\\\/skyddaskogen.se\\\/wp-content\\\/uploads\\\/2025\\\/12\\\/skyddaskogen-251029-6971-scaled.jpg\",\"datePublished\":\"2025-12-02T12:23:00+00:00\",\"dateModified\":\"2026-01-09T12:32:50+00:00\",\"description\":\"On the weekend of November 28-30, Protect the Forest had a member meeting outside Gr\u00e4nna in collaboration with Gr\u00e4nna Forest Group\",\"breadcrumb\":{\"@id\":\"https:\\\/\\\/skyddaskogen.se\\\/en\\\/protect-the-forests-autumn-meeting-in-granna\\\/#breadcrumb\"},\"inLanguage\":\"en-US\",\"potentialAction\":[{\"@type\":\"ReadAction\",\"target\":[\"https:\\\/\\\/skyddaskogen.se\\\/en\\\/protect-the-forests-autumn-meeting-in-granna\\\/\"]}]},{\"@type\":\"ImageObject\",\"inLanguage\":\"en-US\",\"@id\":\"https:\\\/\\\/skyddaskogen.se\\\/en\\\/protect-the-forests-autumn-meeting-in-granna\\\/#primaryimage\",\"url\":\"https:\\\/\\\/skyddaskogen.se\\\/wp-content\\\/uploads\\\/2025\\\/12\\\/skyddaskogen-251029-6971-scaled.jpg\",\"contentUrl\":\"https:\\\/\\\/skyddaskogen.se\\\/wp-content\\\/uploads\\\/2025\\\/12\\\/skyddaskogen-251029-6971-scaled.jpg\",\"width\":2560,\"height\":1707},{\"@type\":\"BreadcrumbList\",\"@id\":\"https:\\\/\\\/skyddaskogen.se\\\/en\\\/protect-the-forests-autumn-meeting-in-granna\\\/#breadcrumb\",\"itemListElement\":[{\"@type\":\"ListItem\",\"position\":1,\"name\":\"Home\",\"item\":\"https:\\\/\\\/skyddaskogen.se\\\/en\\\/protect-the-forest\\\/\"},{\"@type\":\"ListItem\",\"position\":2,\"name\":\"Protect the Forest&#8217;s autumn meeting in Gr\u00e4nna\"}]},{\"@type\":\"WebSite\",\"@id\":\"https:\\\/\\\/skyddaskogen.se\\\/#website\",\"url\":\"https:\\\/\\\/skyddaskogen.se\\\/\",\"name\":\"Skydda Skogen\",\"description\":\"For the protection of old forests and natural near-farms\",\"publisher\":{\"@id\":\"https:\\\/\\\/skyddaskogen.se\\\/#organization\"},\"potentialAction\":[{\"@type\":\"SearchAction\",\"target\":{\"@type\":\"EntryPoint\",\"urlTemplate\":\"https:\\\/\\\/skyddaskogen.se\\\/?s={search_term_string}\"},\"query-input\":{\"@type\":\"PropertyValueSpecification\",\"valueRequired\":true,\"valueName\":\"search_term_string\"}}],\"inLanguage\":\"en-US\"},{\"@type\":\"Organization\",\"@id\":\"https:\\\/\\\/skyddaskogen.se\\\/#organization\",\"name\":\"Skydda Skogen\",\"url\":\"https:\\\/\\\/skyddaskogen.se\\\/\",\"logo\":{\"@type\":\"ImageObject\",\"inLanguage\":\"en-US\",\"@id\":\"https:\\\/\\\/skyddaskogen.se\\\/#\\\/schema\\\/logo\\\/image\\\/\",\"url\":\"https:\\\/\\\/skyddaskogen.se\\\/wp-content\\\/uploads\\\/2020\\\/09\\\/skyddaskogen.se_favicon-1.png\",\"contentUrl\":\"https:\\\/\\\/skyddaskogen.se\\\/wp-content\\\/uploads\\\/2020\\\/09\\\/skyddaskogen.se_favicon-1.png\",\"width\":256,\"height\":256,\"caption\":\"Skydda Skogen\"},\"image\":{\"@id\":\"https:\\\/\\\/skyddaskogen.se\\\/#\\\/schema\\\/logo\\\/image\\\/\"},\"sameAs\":[\"https:\\\/\\\/www.facebook.com\\\/groups\\\/54996954022\\\/\",\"https:\\\/\\\/x.com\\\/skyddaskogen\",\"https:\\\/\\\/www.instagram.com\\\/skyddaskogen\\\/\",\"https:\\\/\\\/www.youtube.com\\\/channel\\\/UCHJVIc9sptUj-qPek3Imitw\"]},{\"@type\":\"Person\",\"@id\":\"https:\\\/\\\/skyddaskogen.se\\\/#\\\/schema\\\/person\\\/b753d6c89afd32670411f217c07f4751\",\"name\":\"Benjamin Ladraa\",\"image\":{\"@type\":\"ImageObject\",\"inLanguage\":\"en-US\",\"@id\":\"https:\\\/\\\/skyddaskogen.se\\\/wp-content\\\/uploads\\\/2025\\\/09\\\/about-benjamin-ladraa-120x120.png\",\"url\":\"https:\\\/\\\/skyddaskogen.se\\\/wp-content\\\/uploads\\\/2025\\\/09\\\/about-benjamin-ladraa-120x120.png\",\"contentUrl\":\"https:\\\/\\\/skyddaskogen.se\\\/wp-content\\\/uploads\\\/2025\\\/09\\\/about-benjamin-ladraa-120x120.png\",\"caption\":\"Benjamin Ladraa\"},\"url\":\"https:\\\/\\\/skyddaskogen.se\\\/en\\\/author\\\/benjamin\\\/\"}]}<\/script>\n<!-- \/ Yoast SEO plugin. -->","yoast_head_json":{"title":"Protect the Forest's autumn meeting in Gr\u00e4nna - Skydda Skogen","description":"On the weekend of November 28-30, Protect the Forest had a member meeting outside Gr\u00e4nna in collaboration with Gr\u00e4nna Forest Group","robots":{"index":"index","follow":"follow","max-snippet":"max-snippet:-1","max-image-preview":"max-image-preview:large","max-video-preview":"max-video-preview:-1"},"canonical":"https:\/\/skyddaskogen.se\/en\/protect-the-forests-autumn-meeting-in-granna\/","og_locale":"en_US","og_type":"article","og_title":"Protect the Forest's autumn meeting in Gr\u00e4nna - Skydda Skogen","og_description":"On the weekend of November 28-30, Protect the Forest had a member meeting outside Gr\u00e4nna in collaboration with Gr\u00e4nna Forest Group","og_url":"https:\/\/skyddaskogen.se\/en\/protect-the-forests-autumn-meeting-in-granna\/","og_site_name":"Skydda Skogen","article_publisher":"https:\/\/www.facebook.com\/groups\/54996954022\/","article_published_time":"2025-12-02T12:23:00+00:00","article_modified_time":"2026-01-09T12:32:50+00:00","og_image":[{"width":2560,"height":1707,"url":"https:\/\/skyddaskogen.se\/wp-content\/uploads\/2025\/12\/skyddaskogen-251029-6971-scaled.jpg","type":"image\/jpeg"}],"author":"Benjamin Ladraa","twitter_card":"summary_large_image","twitter_creator":"@skyddaskogen","twitter_site":"@skyddaskogen","twitter_misc":{"Written by":"Benjamin Ladraa","Est. reading time":"2 minutes"},"schema":{"@context":"https:\/\/schema.org","@graph":[{"@type":"Article","@id":"https:\/\/skyddaskogen.se\/en\/protect-the-forests-autumn-meeting-in-granna\/#article","isPartOf":{"@id":"https:\/\/skyddaskogen.se\/en\/protect-the-forests-autumn-meeting-in-granna\/"},"author":{"name":"Benjamin Ladraa","@id":"https:\/\/skyddaskogen.se\/#\/schema\/person\/b753d6c89afd32670411f217c07f4751"},"headline":"Protect the Forest&#8217;s autumn meeting in Gr\u00e4nna","datePublished":"2025-12-02T12:23:00+00:00","dateModified":"2026-01-09T12:32:50+00:00","mainEntityOfPage":{"@id":"https:\/\/skyddaskogen.se\/en\/protect-the-forests-autumn-meeting-in-granna\/"},"wordCount":225,"commentCount":0,"publisher":{"@id":"https:\/\/skyddaskogen.se\/#organization"},"image":{"@id":"https:\/\/skyddaskogen.se\/en\/protect-the-forests-autumn-meeting-in-granna\/#primaryimage"},"thumbnailUrl":"https:\/\/skyddaskogen.se\/wp-content\/uploads\/2025\/12\/skyddaskogen-251029-6971-scaled.jpg","keywords":["Autumn meeting","Gr\u00e4nna"],"articleSection":["Activities"],"inLanguage":"en-US","potentialAction":[{"@type":"CommentAction","name":"Comment","target":["https:\/\/skyddaskogen.se\/en\/protect-the-forests-autumn-meeting-in-granna\/#respond"]}]},{"@type":"WebPage","@id":"https:\/\/skyddaskogen.se\/en\/protect-the-forests-autumn-meeting-in-granna\/","url":"https:\/\/skyddaskogen.se\/en\/protect-the-forests-autumn-meeting-in-granna\/","name":"Protect the Forest's autumn meeting in Gr\u00e4nna - Skydda Skogen","isPartOf":{"@id":"https:\/\/skyddaskogen.se\/#website"},"primaryImageOfPage":{"@id":"https:\/\/skyddaskogen.se\/en\/protect-the-forests-autumn-meeting-in-granna\/#primaryimage"},"image":{"@id":"https:\/\/skyddaskogen.se\/en\/protect-the-forests-autumn-meeting-in-granna\/#primaryimage"},"thumbnailUrl":"https:\/\/skyddaskogen.se\/wp-content\/uploads\/2025\/12\/skyddaskogen-251029-6971-scaled.jpg","datePublished":"2025-12-02T12:23:00+00:00","dateModified":"2026-01-09T12:32:50+00:00","description":"On the weekend of November 28-30, Protect the Forest had a member meeting outside Gr\u00e4nna in collaboration with Gr\u00e4nna Forest Group","breadcrumb":{"@id":"https:\/\/skyddaskogen.se\/en\/protect-the-forests-autumn-meeting-in-granna\/#breadcrumb"},"inLanguage":"en-US","potentialAction":[{"@type":"ReadAction","target":["https:\/\/skyddaskogen.se\/en\/protect-the-forests-autumn-meeting-in-granna\/"]}]},{"@type":"ImageObject","inLanguage":"en-US","@id":"https:\/\/skyddaskogen.se\/en\/protect-the-forests-autumn-meeting-in-granna\/#primaryimage","url":"https:\/\/skyddaskogen.se\/wp-content\/uploads\/2025\/12\/skyddaskogen-251029-6971-scaled.jpg","contentUrl":"https:\/\/skyddaskogen.se\/wp-content\/uploads\/2025\/12\/skyddaskogen-251029-6971-scaled.jpg","width":2560,"height":1707},{"@type":"BreadcrumbList","@id":"https:\/\/skyddaskogen.se\/en\/protect-the-forests-autumn-meeting-in-granna\/#breadcrumb","itemListElement":[{"@type":"ListItem","position":1,"name":"Home","item":"https:\/\/skyddaskogen.se\/en\/protect-the-forest\/"},{"@type":"ListItem","position":2,"name":"Protect the Forest&#8217;s autumn meeting in Gr\u00e4nna"}]},{"@type":"WebSite","@id":"https:\/\/skyddaskogen.se\/#website","url":"https:\/\/skyddaskogen.se\/","name":"Skydda Skogen","description":"For the protection of old forests and natural near-farms","publisher":{"@id":"https:\/\/skyddaskogen.se\/#organization"},"potentialAction":[{"@type":"SearchAction","target":{"@type":"EntryPoint","urlTemplate":"https:\/\/skyddaskogen.se\/?s={search_term_string}"},"query-input":{"@type":"PropertyValueSpecification","valueRequired":true,"valueName":"search_term_string"}}],"inLanguage":"en-US"},{"@type":"Organization","@id":"https:\/\/skyddaskogen.se\/#organization","name":"Skydda Skogen","url":"https:\/\/skyddaskogen.se\/","logo":{"@type":"ImageObject","inLanguage":"en-US","@id":"https:\/\/skyddaskogen.se\/#\/schema\/logo\/image\/","url":"https:\/\/skyddaskogen.se\/wp-content\/uploads\/2020\/09\/skyddaskogen.se_favicon-1.png","contentUrl":"https:\/\/skyddaskogen.se\/wp-content\/uploads\/2020\/09\/skyddaskogen.se_favicon-1.png","width":256,"height":256,"caption":"Skydda Skogen"},"image":{"@id":"https:\/\/skyddaskogen.se\/#\/schema\/logo\/image\/"},"sameAs":["https:\/\/www.facebook.com\/groups\/54996954022\/","https:\/\/x.com\/skyddaskogen","https:\/\/www.instagram.com\/skyddaskogen\/","https:\/\/www.youtube.com\/channel\/UCHJVIc9sptUj-qPek3Imitw"]},{"@type":"Person","@id":"https:\/\/skyddaskogen.se\/#\/schema\/person\/b753d6c89afd32670411f217c07f4751","name":"Benjamin Ladraa","image":{"@type":"ImageObject","inLanguage":"en-US","@id":"https:\/\/skyddaskogen.se\/wp-content\/uploads\/2025\/09\/about-benjamin-ladraa-120x120.png","url":"https:\/\/skyddaskogen.se\/wp-content\/uploads\/2025\/09\/about-benjamin-ladraa-120x120.png","contentUrl":"https:\/\/skyddaskogen.se\/wp-content\/uploads\/2025\/09\/about-benjamin-ladraa-120x120.png","caption":"Benjamin Ladraa"},"url":"https:\/\/skyddaskogen.se\/en\/author\/benjamin\/"}]}},"_links":{"self":[{"href":"https:\/\/skyddaskogen.se\/en\/wp-json\/wp\/v2\/posts\/69099","targetHints":{"allow":["GET"]}}],"collection":[{"href":"https:\/\/skyddaskogen.se\/en\/wp-json\/wp\/v2\/posts"}],"about":[{"href":"https:\/\/skyddaskogen.se\/en\/wp-json\/wp\/v2\/types\/post"}],"author":[{"embeddable":true,"href":"https:\/\/skyddaskogen.se\/en\/wp-json\/wp\/v2\/users\/25288"}],"replies":[{"embeddable":true,"href":"https:\/\/skyddaskogen.se\/en\/wp-json\/wp\/v2\/comments?post=69099"}],"version-history":[{"count":3,"href":"https:\/\/skyddaskogen.se\/en\/wp-json\/wp\/v2\/posts\/69099\/revisions"}],"predecessor-version":[{"id":69105,"href":"https:\/\/skyddaskogen.se\/en\/wp-json\/wp\/v2\/posts\/69099\/revisions\/69105"}],"wp:featuredmedia":[{"embeddable":true,"href":"https:\/\/skyddaskogen.se\/en\/wp-json\/wp\/v2\/media\/68747"}],"wp:attachment":[{"href":"https:\/\/skyddaskogen.se\/en\/wp-json\/wp\/v2\/media?parent=69099"}],"wp:term":[{"taxonomy":"category","embeddable":true,"href":"https:\/\/skyddaskogen.se\/en\/wp-json\/wp\/v2\/categories?post=69099"},{"taxonomy":"post_tag","embeddable":true,"href":"https:\/\/skyddaskogen.se\/en\/wp-json\/wp\/v2\/tags?post=69099"}],"curies":[{"name":"wp","href":"https:\/\/api.w.org\/{rel}","templated":true}]}}